{"id":5985,"date":"2021-12-08T22:37:51","date_gmt":"2021-12-08T21:37:51","guid":{"rendered":"https:\/\/agora.xtec.cat\/ceip-agsantandreu\/?p=5985"},"modified":"2021-12-09T12:36:55","modified_gmt":"2021-12-09T11:36:55","slug":"capita-vitamines-a-educacio-infantil-2","status":"publish","type":"post","link":"https:\/\/agora.xtec.cat\/ceip-agsantandreu\/general\/capita-vitamines-a-educacio-infantil-2\/","title":{"rendered":"CAPIT\u00c0 VITAMINES A EDUCACI\u00d3 INFANTIL"},"content":{"rendered":"<p>Benvolgudes fam\u00edlies!!<\/p>\n<p>En aquests dies hem rebut una visita molt especial a les nostres aules. Ha tornat a visitar-nos el nostre estimat Capit\u00e0 Vitamines amb els seus amics. Amb les seves aventures ens ha donat consells molt saludables per la nostra alimentaci\u00f3. Ens ha recordat la import\u00e0ncia de la fruita i la verdura en el nostre dia a dia. Ens ho hem passat molt b\u00e9!! Esperem de nou la propera visita!!<\/p>\n<p><a href=\"https:\/\/photos.app.goo.gl\/PXiz6We21ABBjKRD6\">Fotos capit\u00e0 vitamines<\/a><\/p>\n<p><a href=\"https:\/\/agora.xtec.cat\/ceip-agsantandreu\/wp-content\/uploads\/usu37\/2021\/12\/20211123_101336.jpg\"><img loading=\"lazy\" decoding=\"async\" class=\"aligncenter size-medium wp-image-5986\" src=\"https:\/\/agora.xtec.cat\/ceip-agsantandreu\/wp-content\/uploads\/usu37\/2021\/12\/20211123_101336-300x264.jpg\" alt=\"\" width=\"300\" height=\"264\" srcset=\"https:\/\/agora.xtec.cat\/ceip-agsantandreu\/wp-content\/uploads\/usu37\/2021\/12\/20211123_101336-300x264.jpg 300w, https:\/\/agora.xtec.cat\/ceip-agsantandreu\/wp-content\/uploads\/usu37\/2021\/12\/20211123_101336-768x675.jpg 768w, https:\/\/agora.xtec.cat\/ceip-agsantandreu\/wp-content\/uploads\/usu37\/2021\/12\/20211123_101336.jpg 874w\" sizes=\"auto, (max-width: 300px) 100vw, 300px\" \/><\/a><\/p>\n","protected":false},"excerpt":{"rendered":"<p>Benvolgudes fam\u00edlies!!<br \/>\nEn aquests dies hem rebut una visita molt especial a les nostres aules. Ha tornat a visitar-nos el nostre estimat Capit\u00e0 Vitamines amb els seus amics. Amb les seves aventures ens ha donat consells molt saludables per la nostra alimentaci\u00f3. Ens ha recordat la&hellip;  <a href=\"https:\/\/agora.xtec.cat\/ceip-agsantandreu\/general\/capita-vitamines-a-educacio-infantil-2\/\" title=\"Read CAPIT\u00c0 VITAMINES A EDUCACI\u00d3 INFANTIL\">Llegeix m\u00e9s\u00bb<\/a><\/p>\n","protected":false},"author":3,"featured_media":5986,"comment_status":"closed","ping_status":"closed","sticky":false,"template":"","format":"standard","meta":{"_bbp_topic_count":0,"_bbp_reply_count":0,"_bbp_total_topic_count":0,"_bbp_total_reply_count":0,"_bbp_voice_count":0,"_bbp_anonymous_reply_count":0,"_bbp_topic_count_hidden":0,"_bbp_reply_count_hidden":0,"_bbp_forum_subforum_count":0,"footnotes":""},"categories":[2,1,4],"tags":[],"class_list":["post-5985","post","type-post","status-publish","format-standard","has-post-thumbnail","hentry","category-petits","category-general","category-portada"],"post_mailing_queue_ids":[],"_links":{"self":[{"href":"https:\/\/agora.xtec.cat\/ceip-agsantandreu\/wp-json\/wp\/v2\/posts\/5985","targetHints":{"allow":["GET"]}}],"collection":[{"href":"https:\/\/agora.xtec.cat\/ceip-agsantandreu\/wp-json\/wp\/v2\/posts"}],"about":[{"href":"https:\/\/agora.xtec.cat\/ceip-agsantandreu\/wp-json\/wp\/v2\/types\/post"}],"author":[{"embeddable":true,"href":"https:\/\/agora.xtec.cat\/ceip-agsantandreu\/wp-json\/wp\/v2\/users\/3"}],"replies":[{"embeddable":true,"href":"https:\/\/agora.xtec.cat\/ceip-agsantandreu\/wp-json\/wp\/v2\/comments?post=5985"}],"version-history":[{"count":1,"href":"https:\/\/agora.xtec.cat\/ceip-agsantandreu\/wp-json\/wp\/v2\/posts\/5985\/revisions"}],"predecessor-version":[{"id":5987,"href":"https:\/\/agora.xtec.cat\/ceip-agsantandreu\/wp-json\/wp\/v2\/posts\/5985\/revisions\/5987"}],"wp:featuredmedia":[{"embeddable":true,"href":"https:\/\/agora.xtec.cat\/ceip-agsantandreu\/wp-json\/wp\/v2\/media\/5986"}],"wp:attachment":[{"href":"https:\/\/agora.xtec.cat\/ceip-agsantandreu\/wp-json\/wp\/v2\/media?parent=5985"}],"wp:term":[{"taxonomy":"category","embeddable":true,"href":"https:\/\/agora.xtec.cat\/ceip-agsantandreu\/wp-json\/wp\/v2\/categories?post=5985"},{"taxonomy":"post_tag","embeddable":true,"href":"https:\/\/agora.xtec.cat\/ceip-agsantandreu\/wp-json\/wp\/v2\/tags?post=5985"}],"curies":[{"name":"wp","href":"https:\/\/api.w.org\/{rel}","templated":true}]}}