{"id":5955,"date":"2021-11-29T10:27:02","date_gmt":"2021-11-29T09:27:02","guid":{"rendered":"https:\/\/agora.xtec.cat\/ceip-agsantandreu\/?p=5955"},"modified":"2021-11-29T10:27:02","modified_gmt":"2021-11-29T09:27:02","slug":"4t-setmana-de-la-ciencia","status":"publish","type":"post","link":"https:\/\/agora.xtec.cat\/ceip-agsantandreu\/general\/4t-setmana-de-la-ciencia\/","title":{"rendered":"4t: Setmana de la Ci\u00e8ncia"},"content":{"rendered":"<p>Els nens i nenes de 4t, amb l&#8217;ajuda dels nostres companys de la ESO, hem apr\u00e8s qu\u00e8 s\u00f3n els volcans i fins i tot hem fet un! Per poder veure el recull de fotos i v\u00eddeos que es va fer d&#8217;aquesta experi\u00e8ncia tan enriquidora cliqueu a &#8220;<a href=\"https:\/\/photos.app.goo.gl\/EX2AkNNvb6EkhsFKA\">fotos<\/a>&#8220;, &#8220;<a href=\"https:\/\/youtu.be\/qiXhBh4FD5Q\">v\u00eddeo 4tA<\/a>&#8221; o &#8220;<a href=\"https:\/\/youtu.be\/z7ZAUz80Aio\">v\u00eddeo 4tB<\/a>&#8220;.<\/p>\n<p><a href=\"https:\/\/agora.xtec.cat\/ceip-agsantandreu\/wp-content\/uploads\/usu37\/2021\/11\/IMG_20211119_113903-Copiar.jpg\"><img loading=\"lazy\" decoding=\"async\" class=\"alignleft size-medium wp-image-5966\" src=\"https:\/\/agora.xtec.cat\/ceip-agsantandreu\/wp-content\/uploads\/usu37\/2021\/11\/IMG_20211119_113903-Copiar-300x225.jpg\" alt=\"\" width=\"300\" height=\"225\" srcset=\"https:\/\/agora.xtec.cat\/ceip-agsantandreu\/wp-content\/uploads\/usu37\/2021\/11\/IMG_20211119_113903-Copiar-300x225.jpg 300w, https:\/\/agora.xtec.cat\/ceip-agsantandreu\/wp-content\/uploads\/usu37\/2021\/11\/IMG_20211119_113903-Copiar-1024x768.jpg 1024w, https:\/\/agora.xtec.cat\/ceip-agsantandreu\/wp-content\/uploads\/usu37\/2021\/11\/IMG_20211119_113903-Copiar-768x576.jpg 768w, https:\/\/agora.xtec.cat\/ceip-agsantandreu\/wp-content\/uploads\/usu37\/2021\/11\/IMG_20211119_113903-Copiar-200x150.jpg 200w, https:\/\/agora.xtec.cat\/ceip-agsantandreu\/wp-content\/uploads\/usu37\/2021\/11\/IMG_20211119_113903-Copiar.jpg 1280w\" sizes=\"auto, (max-width: 300px) 100vw, 300px\" \/><\/a><\/p>\n","protected":false},"excerpt":{"rendered":"<p>Els nens i nenes de 4t, amb l&#8217;ajuda dels nostres companys de la ESO, hem apr\u00e8s qu\u00e8 s\u00f3n els volcans i fins i tot hem fet un! Per poder veure el recull de fotos i v\u00eddeos que es va fer d&#8217;aquesta experi\u00e8ncia tan enriquidora cliqueu&hellip;  <a href=\"https:\/\/agora.xtec.cat\/ceip-agsantandreu\/general\/4t-setmana-de-la-ciencia\/\" title=\"Read 4t: Setmana de la Ci\u00e8ncia\">Llegeix m\u00e9s\u00bb<\/a><\/p>\n","protected":false},"author":3,"featured_media":5969,"comment_status":"open","ping_status":"closed","sticky":false,"template":"","format":"standard","meta":{"_bbp_topic_count":0,"_bbp_reply_count":0,"_bbp_total_topic_count":0,"_bbp_total_reply_count":0,"_bbp_voice_count":0,"_bbp_anonymous_reply_count":0,"_bbp_topic_count_hidden":0,"_bbp_reply_count_hidden":0,"_bbp_forum_subforum_count":0,"footnotes":""},"categories":[58,1],"tags":[],"class_list":["post-5955","post","type-post","status-publish","format-standard","has-post-thumbnail","hentry","category-mitjans-mitjans","category-general"],"post_mailing_queue_ids":[],"_links":{"self":[{"href":"https:\/\/agora.xtec.cat\/ceip-agsantandreu\/wp-json\/wp\/v2\/posts\/5955","targetHints":{"allow":["GET"]}}],"collection":[{"href":"https:\/\/agora.xtec.cat\/ceip-agsantandreu\/wp-json\/wp\/v2\/posts"}],"about":[{"href":"https:\/\/agora.xtec.cat\/ceip-agsantandreu\/wp-json\/wp\/v2\/types\/post"}],"author":[{"embeddable":true,"href":"https:\/\/agora.xtec.cat\/ceip-agsantandreu\/wp-json\/wp\/v2\/users\/3"}],"replies":[{"embeddable":true,"href":"https:\/\/agora.xtec.cat\/ceip-agsantandreu\/wp-json\/wp\/v2\/comments?post=5955"}],"version-history":[{"count":3,"href":"https:\/\/agora.xtec.cat\/ceip-agsantandreu\/wp-json\/wp\/v2\/posts\/5955\/revisions"}],"predecessor-version":[{"id":5968,"href":"https:\/\/agora.xtec.cat\/ceip-agsantandreu\/wp-json\/wp\/v2\/posts\/5955\/revisions\/5968"}],"wp:featuredmedia":[{"embeddable":true,"href":"https:\/\/agora.xtec.cat\/ceip-agsantandreu\/wp-json\/wp\/v2\/media\/5969"}],"wp:attachment":[{"href":"https:\/\/agora.xtec.cat\/ceip-agsantandreu\/wp-json\/wp\/v2\/media?parent=5955"}],"wp:term":[{"taxonomy":"category","embeddable":true,"href":"https:\/\/agora.xtec.cat\/ceip-agsantandreu\/wp-json\/wp\/v2\/categories?post=5955"},{"taxonomy":"post_tag","embeddable":true,"href":"https:\/\/agora.xtec.cat\/ceip-agsantandreu\/wp-json\/wp\/v2\/tags?post=5955"}],"curies":[{"name":"wp","href":"https:\/\/api.w.org\/{rel}","templated":true}]}}