{"id":5945,"date":"2021-11-21T22:48:53","date_gmt":"2021-11-21T21:48:53","guid":{"rendered":"https:\/\/agora.xtec.cat\/ceip-agsantandreu\/?p=5945"},"modified":"2021-11-21T23:09:10","modified_gmt":"2021-11-21T22:09:10","slug":"santa-cecilia-2021","status":"publish","type":"post","link":"https:\/\/agora.xtec.cat\/ceip-agsantandreu\/general\/santa-cecilia-2021\/","title":{"rendered":"Santa Cec\u00edlia 2021"},"content":{"rendered":"<p>&nbsp;<\/p>\n<p><a href=\"https:\/\/youtu.be\/4JkeV4bzux4\" target=\"_blank\" rel=\"noopener\"><img loading=\"lazy\" decoding=\"async\" class=\"aligncenter\" src=\"https:\/\/agora.xtec.cat\/ceip-agsantandreu\/wp-content\/uploads\/usu37\/2021\/11\/Santa-Cecilia-2021-22.jpg\" alt=\"\" width=\"1920\" height=\"480\" \/><\/a><\/p>\n<p>Estimades fam\u00edlies!<\/p>\n<p>Un any m\u00e9s hem celebrat Santa Cec\u00edlia amb molta m\u00fasica. Volem agrair la gran participaci\u00f3 que hem tingut del nostre alumnat que ha mostrat un cop m\u00e9s la seva passi\u00f3 i dedicaci\u00f3 per la m\u00fasica.<\/p>\n<div dir=\"auto\"><\/div>\n<div dir=\"auto\">\n<div dir=\"auto\"><\/div>\n<div dir=\"auto\"><a href=\"https:\/\/youtu.be\/4JkeV4bzux4\" target=\"_blank\" rel=\"noopener\">Cliqueu aqu\u00ed<\/a> i gaudiu dels artistes!<\/div>\n<\/div>\n","protected":false},"excerpt":{"rendered":"<p>&nbsp;<br \/>\n<a href=\"https:\/\/youtu.be\/4JkeV4bzux4\" target=\"_blank\" rel=\"noopener\"><\/a><br \/>\nEstimades fam\u00edlies!<br \/>\nUn any m\u00e9s hem celebrat Santa Cec\u00edlia amb molta m\u00fasica. Volem agrair la gran participaci\u00f3 que hem tingut del nostre alumnat que ha mostrat un cop m\u00e9s la seva passi\u00f3 i dedicaci\u00f3 per la m\u00fasica.<\/p>\n<p><a href=\"https:\/\/youtu.be\/4JkeV4bzux4\" target=\"_blank\" rel=\"noopener\">Cliqueu aqu\u00ed<\/a> i gaudiu&hellip;  <a href=\"https:\/\/agora.xtec.cat\/ceip-agsantandreu\/general\/santa-cecilia-2021\/\" title=\"Read Santa Cec\u00edlia 2021\">Llegeix m\u00e9s\u00bb<\/a><\/p>\n","protected":false},"author":3,"featured_media":0,"comment_status":"closed","ping_status":"closed","sticky":false,"template":"","format":"standard","meta":{"_bbp_topic_count":0,"_bbp_reply_count":0,"_bbp_total_topic_count":0,"_bbp_total_reply_count":0,"_bbp_voice_count":0,"_bbp_anonymous_reply_count":0,"_bbp_topic_count_hidden":0,"_bbp_reply_count_hidden":0,"_bbp_forum_subforum_count":0,"footnotes":""},"categories":[1],"tags":[],"class_list":["post-5945","post","type-post","status-publish","format-standard","hentry","category-general"],"post_mailing_queue_ids":[],"_links":{"self":[{"href":"https:\/\/agora.xtec.cat\/ceip-agsantandreu\/wp-json\/wp\/v2\/posts\/5945","targetHints":{"allow":["GET"]}}],"collection":[{"href":"https:\/\/agora.xtec.cat\/ceip-agsantandreu\/wp-json\/wp\/v2\/posts"}],"about":[{"href":"https:\/\/agora.xtec.cat\/ceip-agsantandreu\/wp-json\/wp\/v2\/types\/post"}],"author":[{"embeddable":true,"href":"https:\/\/agora.xtec.cat\/ceip-agsantandreu\/wp-json\/wp\/v2\/users\/3"}],"replies":[{"embeddable":true,"href":"https:\/\/agora.xtec.cat\/ceip-agsantandreu\/wp-json\/wp\/v2\/comments?post=5945"}],"version-history":[{"count":4,"href":"https:\/\/agora.xtec.cat\/ceip-agsantandreu\/wp-json\/wp\/v2\/posts\/5945\/revisions"}],"predecessor-version":[{"id":5954,"href":"https:\/\/agora.xtec.cat\/ceip-agsantandreu\/wp-json\/wp\/v2\/posts\/5945\/revisions\/5954"}],"wp:attachment":[{"href":"https:\/\/agora.xtec.cat\/ceip-agsantandreu\/wp-json\/wp\/v2\/media?parent=5945"}],"wp:term":[{"taxonomy":"category","embeddable":true,"href":"https:\/\/agora.xtec.cat\/ceip-agsantandreu\/wp-json\/wp\/v2\/categories?post=5945"},{"taxonomy":"post_tag","embeddable":true,"href":"https:\/\/agora.xtec.cat\/ceip-agsantandreu\/wp-json\/wp\/v2\/tags?post=5945"}],"curies":[{"name":"wp","href":"https:\/\/api.w.org\/{rel}","templated":true}]}}