{"id":5933,"date":"2021-11-19T13:44:45","date_gmt":"2021-11-19T12:44:45","guid":{"rendered":"https:\/\/agora.xtec.cat\/ceip-agsantandreu\/?p=5933"},"modified":"2021-11-21T18:53:08","modified_gmt":"2021-11-21T17:53:08","slug":"p4-p5-setmana-de-la-ciencia","status":"publish","type":"post","link":"https:\/\/agora.xtec.cat\/ceip-agsantandreu\/general\/p4-p5-setmana-de-la-ciencia\/","title":{"rendered":"P4-P5: Setmana de la ci\u00e8ncia"},"content":{"rendered":"<p>Per celebrar la setmana de la ci\u00e8ncia, l&#8217;alumnat de 1r d&#8217;ESO ens ha enviat uns v\u00eddeos on ens mostren com \u00e9s el sistema solar i els planetes. Tamb\u00e9 ens expliquen com fer una manualitat del planeta Terra.<\/p>\n<p>Hem apr\u00e8s coses noves i hem gaudit molt mirant els v\u00eddeos i pintant el nostre planeta.<\/p>\n<p>Moltes gr\u00e0cies nens i nenes de l&#8217;Institut!!!<\/p>\n<p><a href=\"https:\/\/agora.xtec.cat\/ceip-agsantandreu\/wp-content\/uploads\/usu37\/2021\/11\/IMG-20211119-WA0011.jpg\"><img loading=\"lazy\" decoding=\"async\" class=\" wp-image-5934 aligncenter\" src=\"https:\/\/agora.xtec.cat\/ceip-agsantandreu\/wp-content\/uploads\/usu37\/2021\/11\/IMG-20211119-WA0011-300x231.jpg\" alt=\"\" width=\"358\" height=\"276\" srcset=\"https:\/\/agora.xtec.cat\/ceip-agsantandreu\/wp-content\/uploads\/usu37\/2021\/11\/IMG-20211119-WA0011-300x231.jpg 300w, https:\/\/agora.xtec.cat\/ceip-agsantandreu\/wp-content\/uploads\/usu37\/2021\/11\/IMG-20211119-WA0011-1024x788.jpg 1024w, https:\/\/agora.xtec.cat\/ceip-agsantandreu\/wp-content\/uploads\/usu37\/2021\/11\/IMG-20211119-WA0011-768x591.jpg 768w, https:\/\/agora.xtec.cat\/ceip-agsantandreu\/wp-content\/uploads\/usu37\/2021\/11\/IMG-20211119-WA0011.jpg 1390w\" sizes=\"auto, (max-width: 358px) 100vw, 358px\" \/><\/a><\/p>\n<p style=\"text-align: center;\"><a href=\"https:\/\/photos.app.goo.gl\/CoF2iab9d6xG8C8o9\" target=\"_blank\" rel=\"noopener\">FOTOS DE L&#8217;ACTIVITAT<\/a><\/p>\n","protected":false},"excerpt":{"rendered":"<p>Per celebrar la setmana de la ci\u00e8ncia, l&#8217;alumnat de 1r d&#8217;ESO ens ha enviat uns v\u00eddeos on ens mostren com \u00e9s el sistema solar i els planetes. Tamb\u00e9 ens expliquen com fer una manualitat del planeta Terra.<br \/>\nHem apr\u00e8s coses noves i hem gaudit molt mirant&hellip;  <a href=\"https:\/\/agora.xtec.cat\/ceip-agsantandreu\/general\/p4-p5-setmana-de-la-ciencia\/\" title=\"Read P4-P5: Setmana de la ci\u00e8ncia\">Llegeix m\u00e9s\u00bb<\/a><\/p>\n","protected":false},"author":3,"featured_media":0,"comment_status":"closed","ping_status":"closed","sticky":false,"template":"","format":"standard","meta":{"_bbp_topic_count":0,"_bbp_reply_count":0,"_bbp_total_topic_count":0,"_bbp_total_reply_count":0,"_bbp_voice_count":0,"_bbp_anonymous_reply_count":0,"_bbp_topic_count_hidden":0,"_bbp_reply_count_hidden":0,"_bbp_forum_subforum_count":0,"footnotes":""},"categories":[2,1,4],"tags":[],"class_list":["post-5933","post","type-post","status-publish","format-standard","hentry","category-petits","category-general","category-portada"],"post_mailing_queue_ids":[],"_links":{"self":[{"href":"https:\/\/agora.xtec.cat\/ceip-agsantandreu\/wp-json\/wp\/v2\/posts\/5933","targetHints":{"allow":["GET"]}}],"collection":[{"href":"https:\/\/agora.xtec.cat\/ceip-agsantandreu\/wp-json\/wp\/v2\/posts"}],"about":[{"href":"https:\/\/agora.xtec.cat\/ceip-agsantandreu\/wp-json\/wp\/v2\/types\/post"}],"author":[{"embeddable":true,"href":"https:\/\/agora.xtec.cat\/ceip-agsantandreu\/wp-json\/wp\/v2\/users\/3"}],"replies":[{"embeddable":true,"href":"https:\/\/agora.xtec.cat\/ceip-agsantandreu\/wp-json\/wp\/v2\/comments?post=5933"}],"version-history":[{"count":3,"href":"https:\/\/agora.xtec.cat\/ceip-agsantandreu\/wp-json\/wp\/v2\/posts\/5933\/revisions"}],"predecessor-version":[{"id":5944,"href":"https:\/\/agora.xtec.cat\/ceip-agsantandreu\/wp-json\/wp\/v2\/posts\/5933\/revisions\/5944"}],"wp:attachment":[{"href":"https:\/\/agora.xtec.cat\/ceip-agsantandreu\/wp-json\/wp\/v2\/media?parent=5933"}],"wp:term":[{"taxonomy":"category","embeddable":true,"href":"https:\/\/agora.xtec.cat\/ceip-agsantandreu\/wp-json\/wp\/v2\/categories?post=5933"},{"taxonomy":"post_tag","embeddable":true,"href":"https:\/\/agora.xtec.cat\/ceip-agsantandreu\/wp-json\/wp\/v2\/tags?post=5933"}],"curies":[{"name":"wp","href":"https:\/\/api.w.org\/{rel}","templated":true}]}}