{"id":5930,"date":"2021-11-19T08:32:06","date_gmt":"2021-11-19T07:32:06","guid":{"rendered":"https:\/\/agora.xtec.cat\/ceip-agsantandreu\/?p=5930"},"modified":"2021-11-21T18:43:49","modified_gmt":"2021-11-21T17:43:49","slug":"1r-i-2n-experimentacio-de-la-flotabilitat-per-la-setmana-de-la-ciencia","status":"publish","type":"post","link":"https:\/\/agora.xtec.cat\/ceip-agsantandreu\/general\/1r-i-2n-experimentacio-de-la-flotabilitat-per-la-setmana-de-la-ciencia\/","title":{"rendered":"1r i 2n: Experimentaci\u00f3 de la flotabilitat per la Setmana de la Ci\u00e8ncia"},"content":{"rendered":"<p>Els nens i les nenes de 1r i 2n hem fet un taller d&#8217;experimentaci\u00f3 sobre flotabilitat que ens ha preparat l&#8217;alumnat de 2n d&#8217;ESO, per celebrar la <em>SETMANA DE LA CI\u00c8NCIA<\/em>. Hem pogut experimentar i observar quins objectes suren i quins no, fent hip\u00f2tesis, provant, observant i traient conclusions. Hem apr\u00e8s molt \ud83d\ude42<\/p>\n<p>Moltes gr\u00e0cies nens i nenes de l&#8217;institut, ens ha agradat molt\u00edssim!!!!<\/p>\n<p><a href=\"https:\/\/agora.xtec.cat\/ceip-agsantandreu\/wp-content\/uploads\/usu37\/2021\/11\/unnamed.jpg\"><img loading=\"lazy\" decoding=\"async\" class=\"size-full wp-image-5931 aligncenter\" src=\"https:\/\/agora.xtec.cat\/ceip-agsantandreu\/wp-content\/uploads\/usu37\/2021\/11\/unnamed.jpg\" alt=\"\" width=\"512\" height=\"287\" srcset=\"https:\/\/agora.xtec.cat\/ceip-agsantandreu\/wp-content\/uploads\/usu37\/2021\/11\/unnamed.jpg 512w, https:\/\/agora.xtec.cat\/ceip-agsantandreu\/wp-content\/uploads\/usu37\/2021\/11\/unnamed-300x168.jpg 300w\" sizes=\"auto, (max-width: 512px) 100vw, 512px\" \/><\/a><\/p>\n<p><a href=\"https:\/\/photos.app.goo.gl\/qEwXuSzaoo3fPCYm6\" target=\"_blank\" rel=\"noopener\">Fotos de l&#8217;activitat.<\/a><\/p>\n","protected":false},"excerpt":{"rendered":"<p>Els nens i les nenes de 1r i 2n hem fet un taller d&#8217;experimentaci\u00f3 sobre flotabilitat que ens ha preparat l&#8217;alumnat de 2n d&#8217;ESO, per celebrar la SETMANA DE LA CI\u00c8NCIA. Hem pogut experimentar i observar quins objectes suren i quins no, fent hip\u00f2tesis, provant,&hellip;  <a href=\"https:\/\/agora.xtec.cat\/ceip-agsantandreu\/general\/1r-i-2n-experimentacio-de-la-flotabilitat-per-la-setmana-de-la-ciencia\/\" title=\"Read 1r i 2n: Experimentaci\u00f3 de la flotabilitat per la Setmana de la Ci\u00e8ncia\">Llegeix m\u00e9s\u00bb<\/a><\/p>\n","protected":false},"author":3,"featured_media":5931,"comment_status":"closed","ping_status":"closed","sticky":false,"template":"","format":"standard","meta":{"_bbp_topic_count":0,"_bbp_reply_count":0,"_bbp_total_topic_count":0,"_bbp_total_reply_count":0,"_bbp_voice_count":0,"_bbp_anonymous_reply_count":0,"_bbp_topic_count_hidden":0,"_bbp_reply_count_hidden":0,"_bbp_forum_subforum_count":0,"footnotes":""},"categories":[5,1,4],"tags":[94,95,96],"class_list":["post-5930","post","type-post","status-publish","format-standard","has-post-thumbnail","hentry","category-mitjans","category-general","category-portada","tag-ci","tag-experimentacio","tag-setmana-de-la-ciencia"],"post_mailing_queue_ids":[],"_links":{"self":[{"href":"https:\/\/agora.xtec.cat\/ceip-agsantandreu\/wp-json\/wp\/v2\/posts\/5930","targetHints":{"allow":["GET"]}}],"collection":[{"href":"https:\/\/agora.xtec.cat\/ceip-agsantandreu\/wp-json\/wp\/v2\/posts"}],"about":[{"href":"https:\/\/agora.xtec.cat\/ceip-agsantandreu\/wp-json\/wp\/v2\/types\/post"}],"author":[{"embeddable":true,"href":"https:\/\/agora.xtec.cat\/ceip-agsantandreu\/wp-json\/wp\/v2\/users\/3"}],"replies":[{"embeddable":true,"href":"https:\/\/agora.xtec.cat\/ceip-agsantandreu\/wp-json\/wp\/v2\/comments?post=5930"}],"version-history":[{"count":2,"href":"https:\/\/agora.xtec.cat\/ceip-agsantandreu\/wp-json\/wp\/v2\/posts\/5930\/revisions"}],"predecessor-version":[{"id":5941,"href":"https:\/\/agora.xtec.cat\/ceip-agsantandreu\/wp-json\/wp\/v2\/posts\/5930\/revisions\/5941"}],"wp:featuredmedia":[{"embeddable":true,"href":"https:\/\/agora.xtec.cat\/ceip-agsantandreu\/wp-json\/wp\/v2\/media\/5931"}],"wp:attachment":[{"href":"https:\/\/agora.xtec.cat\/ceip-agsantandreu\/wp-json\/wp\/v2\/media?parent=5930"}],"wp:term":[{"taxonomy":"category","embeddable":true,"href":"https:\/\/agora.xtec.cat\/ceip-agsantandreu\/wp-json\/wp\/v2\/categories?post=5930"},{"taxonomy":"post_tag","embeddable":true,"href":"https:\/\/agora.xtec.cat\/ceip-agsantandreu\/wp-json\/wp\/v2\/tags?post=5930"}],"curies":[{"name":"wp","href":"https:\/\/api.w.org\/{rel}","templated":true}]}}