{"id":5875,"date":"2021-11-12T13:45:31","date_gmt":"2021-11-12T12:45:31","guid":{"rendered":"https:\/\/agora.xtec.cat\/ceip-agsantandreu\/?p=5875"},"modified":"2021-11-12T13:45:31","modified_gmt":"2021-11-12T12:45:31","slug":"p4-activitats-de-la-tardor","status":"publish","type":"post","link":"https:\/\/agora.xtec.cat\/ceip-agsantandreu\/general\/p4-activitats-de-la-tardor\/","title":{"rendered":"P4 &#8211; Activitats de la tardor"},"content":{"rendered":"<p>Els nens i les nenes de P4 hem estat treballant &#8220;la tardor&#8221;, les caracter\u00edstiques d&#8217;aquesta estaci\u00f3 de l&#8217;any, els seus colors, els fruits&#8230; ens ho hem passat molt b\u00e9 observant el nostre entorn. Hem fet uns arbres de la tardor amb les nostres mans, hem pintat amb pintura, amb ceres&#8230; mireu que maco ens ha quedat tot!<\/p>\n<p style=\"text-align: center;\"><a href=\"https:\/\/agora.xtec.cat\/ceip-agsantandreu\/wp-content\/uploads\/usu37\/2021\/11\/IMG-20211112-WA0015-3.jpg\"><img loading=\"lazy\" decoding=\"async\" class=\"size-medium wp-image-5913 aligncenter\" src=\"https:\/\/agora.xtec.cat\/ceip-agsantandreu\/wp-content\/uploads\/usu37\/2021\/11\/IMG-20211112-WA0015-3-225x300.jpg\" alt=\"\" width=\"225\" height=\"300\" srcset=\"https:\/\/agora.xtec.cat\/ceip-agsantandreu\/wp-content\/uploads\/usu37\/2021\/11\/IMG-20211112-WA0015-3-225x300.jpg 225w, https:\/\/agora.xtec.cat\/ceip-agsantandreu\/wp-content\/uploads\/usu37\/2021\/11\/IMG-20211112-WA0015-3-768x1024.jpg 768w, https:\/\/agora.xtec.cat\/ceip-agsantandreu\/wp-content\/uploads\/usu37\/2021\/11\/IMG-20211112-WA0015-3-1152x1536.jpg 1152w, https:\/\/agora.xtec.cat\/ceip-agsantandreu\/wp-content\/uploads\/usu37\/2021\/11\/IMG-20211112-WA0015-3.jpg 1200w\" sizes=\"auto, (max-width: 225px) 100vw, 225px\" \/><\/a>Cliqueu <a href=\"https:\/\/photos.app.goo.gl\/JHa9vVridWErByhW7\">aqu\u00ed<\/a> per veure m\u00e9s fotos.<\/p>\n","protected":false},"excerpt":{"rendered":"<p>Els nens i les nenes de P4 hem estat treballant &#8220;la tardor&#8221;, les caracter\u00edstiques d&#8217;aquesta estaci\u00f3 de l&#8217;any, els seus colors, els fruits&#8230; ens ho hem passat molt b\u00e9 observant el nostre entorn. Hem fet uns arbres de la tardor amb les nostres mans, hem&hellip;  <a href=\"https:\/\/agora.xtec.cat\/ceip-agsantandreu\/general\/p4-activitats-de-la-tardor\/\" title=\"Read P4 &#8211; Activitats de la tardor\">Llegeix m\u00e9s\u00bb<\/a><\/p>\n","protected":false},"author":3,"featured_media":0,"comment_status":"closed","ping_status":"closed","sticky":false,"template":"","format":"standard","meta":{"_bbp_topic_count":0,"_bbp_reply_count":0,"_bbp_total_topic_count":0,"_bbp_total_reply_count":0,"_bbp_voice_count":0,"_bbp_anonymous_reply_count":0,"_bbp_topic_count_hidden":0,"_bbp_reply_count_hidden":0,"_bbp_forum_subforum_count":0,"footnotes":""},"categories":[2,1],"tags":[],"class_list":["post-5875","post","type-post","status-publish","format-standard","hentry","category-petits","category-general"],"post_mailing_queue_ids":[],"_links":{"self":[{"href":"https:\/\/agora.xtec.cat\/ceip-agsantandreu\/wp-json\/wp\/v2\/posts\/5875","targetHints":{"allow":["GET"]}}],"collection":[{"href":"https:\/\/agora.xtec.cat\/ceip-agsantandreu\/wp-json\/wp\/v2\/posts"}],"about":[{"href":"https:\/\/agora.xtec.cat\/ceip-agsantandreu\/wp-json\/wp\/v2\/types\/post"}],"author":[{"embeddable":true,"href":"https:\/\/agora.xtec.cat\/ceip-agsantandreu\/wp-json\/wp\/v2\/users\/3"}],"replies":[{"embeddable":true,"href":"https:\/\/agora.xtec.cat\/ceip-agsantandreu\/wp-json\/wp\/v2\/comments?post=5875"}],"version-history":[{"count":3,"href":"https:\/\/agora.xtec.cat\/ceip-agsantandreu\/wp-json\/wp\/v2\/posts\/5875\/revisions"}],"predecessor-version":[{"id":5916,"href":"https:\/\/agora.xtec.cat\/ceip-agsantandreu\/wp-json\/wp\/v2\/posts\/5875\/revisions\/5916"}],"wp:attachment":[{"href":"https:\/\/agora.xtec.cat\/ceip-agsantandreu\/wp-json\/wp\/v2\/media?parent=5875"}],"wp:term":[{"taxonomy":"category","embeddable":true,"href":"https:\/\/agora.xtec.cat\/ceip-agsantandreu\/wp-json\/wp\/v2\/categories?post=5875"},{"taxonomy":"post_tag","embeddable":true,"href":"https:\/\/agora.xtec.cat\/ceip-agsantandreu\/wp-json\/wp\/v2\/tags?post=5875"}],"curies":[{"name":"wp","href":"https:\/\/api.w.org\/{rel}","templated":true}]}}