{"id":5832,"date":"2021-11-05T13:36:40","date_gmt":"2021-11-05T12:36:40","guid":{"rendered":"https:\/\/agora.xtec.cat\/ceip-agsantandreu\/?p=5832"},"modified":"2021-11-08T21:38:29","modified_gmt":"2021-11-08T20:38:29","slug":"1r-taller-mossos-desquadra","status":"publish","type":"post","link":"https:\/\/agora.xtec.cat\/ceip-agsantandreu\/general\/1r-taller-mossos-desquadra\/","title":{"rendered":"1r Taller Mossos d&#8217;Esquadra"},"content":{"rendered":"<p>Els nens i nenes de 1r han rebut la visita de dues Mosses d&#8217;Esquadra que ens han explicat en qu\u00e8 consisteix la seva feina, a trav\u00e8s d&#8217;un conte i, a m\u00e9s, ens han ensenyat el cotxe de policia i ens ha agradat sentir el so de la sirena. Hem apr\u00e8s molt d&#8217;aquest ofici.<\/p>\n<p><a href=\"https:\/\/agora.xtec.cat\/ceip-agsantandreu\/wp-content\/uploads\/usu37\/2021\/11\/b01d27a5-3510-4cc6-ab80-86efb4b19fcd-Copiar.jpg\"><img loading=\"lazy\" decoding=\"async\" class=\"aligncenter wp-image-5833 size-medium\" src=\"https:\/\/agora.xtec.cat\/ceip-agsantandreu\/wp-content\/uploads\/usu37\/2021\/11\/b01d27a5-3510-4cc6-ab80-86efb4b19fcd-Copiar-225x300.jpg\" alt=\"\" width=\"225\" height=\"300\" srcset=\"https:\/\/agora.xtec.cat\/ceip-agsantandreu\/wp-content\/uploads\/usu37\/2021\/11\/b01d27a5-3510-4cc6-ab80-86efb4b19fcd-Copiar-225x300.jpg 225w, https:\/\/agora.xtec.cat\/ceip-agsantandreu\/wp-content\/uploads\/usu37\/2021\/11\/b01d27a5-3510-4cc6-ab80-86efb4b19fcd-Copiar.jpg 576w\" sizes=\"auto, (max-width: 225px) 100vw, 225px\" \/><\/a><\/p>\n<p><a href=\"https:\/\/photos.app.goo.gl\/VQuEuy5p8xYoXa4j8\" target=\"_blank\" rel=\"noopener\">Fotos de l&#8217;activitat<\/a><\/p>\n","protected":false},"excerpt":{"rendered":"<p>Els nens i nenes de 1r han rebut la visita de dues Mosses d&#8217;Esquadra que ens han explicat en qu\u00e8 consisteix la seva feina, a trav\u00e8s d&#8217;un conte i, a m\u00e9s, ens han ensenyat el cotxe de policia i ens ha agradat sentir el so&hellip;  <a href=\"https:\/\/agora.xtec.cat\/ceip-agsantandreu\/general\/1r-taller-mossos-desquadra\/\" title=\"Read 1r Taller Mossos d&#8217;Esquadra\">Llegeix m\u00e9s\u00bb<\/a><\/p>\n","protected":false},"author":3,"featured_media":5833,"comment_status":"closed","ping_status":"closed","sticky":false,"template":"","format":"standard","meta":{"_bbp_topic_count":0,"_bbp_reply_count":0,"_bbp_total_topic_count":0,"_bbp_total_reply_count":0,"_bbp_voice_count":0,"_bbp_anonymous_reply_count":0,"_bbp_topic_count_hidden":0,"_bbp_reply_count_hidden":0,"_bbp_forum_subforum_count":0,"footnotes":""},"categories":[5,1,4],"tags":[88,82,92,93],"class_list":["post-5832","post","type-post","status-publish","format-standard","has-post-thumbnail","hentry","category-mitjans","category-general","category-portada","tag-1r","tag-cicle-inicial","tag-mossos-desquadra","tag-taller"],"post_mailing_queue_ids":[],"_links":{"self":[{"href":"https:\/\/agora.xtec.cat\/ceip-agsantandreu\/wp-json\/wp\/v2\/posts\/5832","targetHints":{"allow":["GET"]}}],"collection":[{"href":"https:\/\/agora.xtec.cat\/ceip-agsantandreu\/wp-json\/wp\/v2\/posts"}],"about":[{"href":"https:\/\/agora.xtec.cat\/ceip-agsantandreu\/wp-json\/wp\/v2\/types\/post"}],"author":[{"embeddable":true,"href":"https:\/\/agora.xtec.cat\/ceip-agsantandreu\/wp-json\/wp\/v2\/users\/3"}],"replies":[{"embeddable":true,"href":"https:\/\/agora.xtec.cat\/ceip-agsantandreu\/wp-json\/wp\/v2\/comments?post=5832"}],"version-history":[{"count":3,"href":"https:\/\/agora.xtec.cat\/ceip-agsantandreu\/wp-json\/wp\/v2\/posts\/5832\/revisions"}],"predecessor-version":[{"id":5844,"href":"https:\/\/agora.xtec.cat\/ceip-agsantandreu\/wp-json\/wp\/v2\/posts\/5832\/revisions\/5844"}],"wp:featuredmedia":[{"embeddable":true,"href":"https:\/\/agora.xtec.cat\/ceip-agsantandreu\/wp-json\/wp\/v2\/media\/5833"}],"wp:attachment":[{"href":"https:\/\/agora.xtec.cat\/ceip-agsantandreu\/wp-json\/wp\/v2\/media?parent=5832"}],"wp:term":[{"taxonomy":"category","embeddable":true,"href":"https:\/\/agora.xtec.cat\/ceip-agsantandreu\/wp-json\/wp\/v2\/categories?post=5832"},{"taxonomy":"post_tag","embeddable":true,"href":"https:\/\/agora.xtec.cat\/ceip-agsantandreu\/wp-json\/wp\/v2\/tags?post=5832"}],"curies":[{"name":"wp","href":"https:\/\/api.w.org\/{rel}","templated":true}]}}