{"id":5803,"date":"2021-11-02T14:18:17","date_gmt":"2021-11-02T13:18:17","guid":{"rendered":"https:\/\/agora.xtec.cat\/ceip-agsantandreu\/?p=5803"},"modified":"2021-11-02T22:11:53","modified_gmt":"2021-11-02T21:11:53","slug":"celebrem-la-castanyada-a-4t","status":"publish","type":"post","link":"https:\/\/agora.xtec.cat\/ceip-agsantandreu\/general\/celebrem-la-castanyada-a-4t\/","title":{"rendered":"Celebrem la Castanyada a  4t"},"content":{"rendered":"<p>Divendres 29 d\u2019octubre els\/les alumnes de <strong>4t <\/strong>vam celebrar la Festa de la <strong>Castanyada.<\/strong> Vam ballar i cantar la <strong>can\u00e7\u00f3 <\/strong>que ens hav\u00edem preparat a l\u2019\u00e0rea de M\u00fasica. Quina melodia, quina entonaci\u00f3: som uns artistes!!! Despr\u00e9s vam gaudir d\u2019un <strong>berenar<\/strong> de tardor bon\u00edssim: <strong>castanyes, panellets, fruits secs\u2026<\/strong> Que bo!!! I\u00a0 ens ho vam passar d\u2019all\u00f2 m\u00e9s b\u00e9 <strong>compartint<\/strong> una tarda de <strong>jocs<\/strong> amb els amics i amigues. Va ser una tarda d\u2019all\u00f2 m\u00e9s bonica!!<\/p>\n<p><a href=\"https:\/\/photos.app.goo.gl\/TwKGGWicepMvREh58\">Clica aqu\u00ed per veure les fotos!<\/a><\/p>\n<p><a href=\"https:\/\/youtu.be\/IlTolPw8ffI\">I per veure el v\u00eddeo, clica aqu\u00ed!<\/a><\/p>\n<p>&nbsp;<\/p>\n","protected":false},"excerpt":{"rendered":"<p>Divendres 29 d\u2019octubre els\/les alumnes de 4t vam celebrar la Festa de la Castanyada. Vam ballar i cantar la can\u00e7\u00f3 que ens hav\u00edem preparat a l\u2019\u00e0rea de M\u00fasica. Quina melodia, quina entonaci\u00f3: som uns artistes!!! Despr\u00e9s vam gaudir d\u2019un berenar de tardor bon\u00edssim: castanyes, panellets,&hellip;  <a href=\"https:\/\/agora.xtec.cat\/ceip-agsantandreu\/general\/celebrem-la-castanyada-a-4t\/\" title=\"Read Celebrem la Castanyada a  4t\">Llegeix m\u00e9s\u00bb<\/a><\/p>\n","protected":false},"author":3,"featured_media":5807,"comment_status":"closed","ping_status":"closed","sticky":false,"template":"","format":"standard","meta":{"_bbp_topic_count":0,"_bbp_reply_count":0,"_bbp_total_topic_count":0,"_bbp_total_reply_count":0,"_bbp_voice_count":0,"_bbp_anonymous_reply_count":0,"_bbp_topic_count_hidden":0,"_bbp_reply_count_hidden":0,"_bbp_forum_subforum_count":0,"footnotes":""},"categories":[58,57,1],"tags":[],"class_list":["post-5803","post","type-post","status-publish","format-standard","has-post-thumbnail","hentry","category-mitjans-mitjans","category-comunitats","category-general"],"post_mailing_queue_ids":[],"_links":{"self":[{"href":"https:\/\/agora.xtec.cat\/ceip-agsantandreu\/wp-json\/wp\/v2\/posts\/5803","targetHints":{"allow":["GET"]}}],"collection":[{"href":"https:\/\/agora.xtec.cat\/ceip-agsantandreu\/wp-json\/wp\/v2\/posts"}],"about":[{"href":"https:\/\/agora.xtec.cat\/ceip-agsantandreu\/wp-json\/wp\/v2\/types\/post"}],"author":[{"embeddable":true,"href":"https:\/\/agora.xtec.cat\/ceip-agsantandreu\/wp-json\/wp\/v2\/users\/3"}],"replies":[{"embeddable":true,"href":"https:\/\/agora.xtec.cat\/ceip-agsantandreu\/wp-json\/wp\/v2\/comments?post=5803"}],"version-history":[{"count":1,"href":"https:\/\/agora.xtec.cat\/ceip-agsantandreu\/wp-json\/wp\/v2\/posts\/5803\/revisions"}],"predecessor-version":[{"id":5806,"href":"https:\/\/agora.xtec.cat\/ceip-agsantandreu\/wp-json\/wp\/v2\/posts\/5803\/revisions\/5806"}],"wp:featuredmedia":[{"embeddable":true,"href":"https:\/\/agora.xtec.cat\/ceip-agsantandreu\/wp-json\/wp\/v2\/media\/5807"}],"wp:attachment":[{"href":"https:\/\/agora.xtec.cat\/ceip-agsantandreu\/wp-json\/wp\/v2\/media?parent=5803"}],"wp:term":[{"taxonomy":"category","embeddable":true,"href":"https:\/\/agora.xtec.cat\/ceip-agsantandreu\/wp-json\/wp\/v2\/categories?post=5803"},{"taxonomy":"post_tag","embeddable":true,"href":"https:\/\/agora.xtec.cat\/ceip-agsantandreu\/wp-json\/wp\/v2\/tags?post=5803"}],"curies":[{"name":"wp","href":"https:\/\/api.w.org\/{rel}","templated":true}]}}