{"id":5756,"date":"2021-10-29T16:07:00","date_gmt":"2021-10-29T14:07:00","guid":{"rendered":"https:\/\/agora.xtec.cat\/ceip-agsantandreu\/?p=5756"},"modified":"2021-10-29T16:07:00","modified_gmt":"2021-10-29T14:07:00","slug":"sortida-2n-cim-daligues","status":"publish","type":"post","link":"https:\/\/agora.xtec.cat\/ceip-agsantandreu\/general\/sortida-2n-cim-daligues\/","title":{"rendered":"Sortida 2n Cim d&#8217;\u00e0ligues"},"content":{"rendered":"<p>Avui els nens i nenes de segon hem anat a visitar el Cim d&#8217;\u00e0ligues a Sant Feliu de Codines. All\u00e0 hem pogut veure un munt d&#8217;aus rapinyaires i ens han explicat moltes coses interessants sobre elles. Hem apr\u00e9s la difer\u00e8ncia que hi ha entre les aus rapinyaires di\u00fcrnes i les nocturnes i tamb\u00e9 els seus costums. Per\u00f2 el m\u00e9s impressionant, ha estat veure a totes aquestes aus volar a prop dels nostres caps!!!Ha estat un dia genial!!! \u00a0\u00a0 <a href=\"https:\/\/photos.app.goo.gl\/Wz5mKVb6sqcf9o6v8\">FOTOGRAFIES<\/a><\/p>\n<p>&nbsp;<\/p>\n<p><a href=\"https:\/\/agora.xtec.cat\/ceip-agsantandreu\/wp-content\/uploads\/usu37\/2021\/10\/portada-2.jpg\"><img loading=\"lazy\" decoding=\"async\" class=\"alignleft size-medium wp-image-5760\" src=\"https:\/\/agora.xtec.cat\/ceip-agsantandreu\/wp-content\/uploads\/usu37\/2021\/10\/portada-2-300x225.jpg\" alt=\"\" width=\"300\" height=\"225\" srcset=\"https:\/\/agora.xtec.cat\/ceip-agsantandreu\/wp-content\/uploads\/usu37\/2021\/10\/portada-2-300x225.jpg 300w, https:\/\/agora.xtec.cat\/ceip-agsantandreu\/wp-content\/uploads\/usu37\/2021\/10\/portada-2-1024x768.jpg 1024w, https:\/\/agora.xtec.cat\/ceip-agsantandreu\/wp-content\/uploads\/usu37\/2021\/10\/portada-2-768x576.jpg 768w, https:\/\/agora.xtec.cat\/ceip-agsantandreu\/wp-content\/uploads\/usu37\/2021\/10\/portada-2-1536x1152.jpg 1536w, https:\/\/agora.xtec.cat\/ceip-agsantandreu\/wp-content\/uploads\/usu37\/2021\/10\/portada-2-200x150.jpg 200w, https:\/\/agora.xtec.cat\/ceip-agsantandreu\/wp-content\/uploads\/usu37\/2021\/10\/portada-2.jpg 2000w\" sizes=\"auto, (max-width: 300px) 100vw, 300px\" \/><\/a><\/p>\n","protected":false},"excerpt":{"rendered":"<p>Avui els nens i nenes de segon hem anat a visitar el Cim d&#8217;\u00e0ligues a Sant Feliu de Codines. All\u00e0 hem pogut veure un munt d&#8217;aus rapinyaires i ens han explicat moltes coses interessants sobre elles. Hem apr\u00e9s la difer\u00e8ncia que hi ha entre les&hellip;  <a href=\"https:\/\/agora.xtec.cat\/ceip-agsantandreu\/general\/sortida-2n-cim-daligues\/\" title=\"Read Sortida 2n Cim d&#8217;\u00e0ligues\">Llegeix m\u00e9s\u00bb<\/a><\/p>\n","protected":false},"author":3,"featured_media":5760,"comment_status":"open","ping_status":"closed","sticky":false,"template":"","format":"standard","meta":{"_bbp_topic_count":0,"_bbp_reply_count":0,"_bbp_total_topic_count":0,"_bbp_total_reply_count":0,"_bbp_voice_count":0,"_bbp_anonymous_reply_count":0,"_bbp_topic_count_hidden":0,"_bbp_reply_count_hidden":0,"_bbp_forum_subforum_count":0,"footnotes":""},"categories":[5,1,4],"tags":[],"class_list":["post-5756","post","type-post","status-publish","format-standard","has-post-thumbnail","hentry","category-mitjans","category-general","category-portada"],"post_mailing_queue_ids":[],"_links":{"self":[{"href":"https:\/\/agora.xtec.cat\/ceip-agsantandreu\/wp-json\/wp\/v2\/posts\/5756","targetHints":{"allow":["GET"]}}],"collection":[{"href":"https:\/\/agora.xtec.cat\/ceip-agsantandreu\/wp-json\/wp\/v2\/posts"}],"about":[{"href":"https:\/\/agora.xtec.cat\/ceip-agsantandreu\/wp-json\/wp\/v2\/types\/post"}],"author":[{"embeddable":true,"href":"https:\/\/agora.xtec.cat\/ceip-agsantandreu\/wp-json\/wp\/v2\/users\/3"}],"replies":[{"embeddable":true,"href":"https:\/\/agora.xtec.cat\/ceip-agsantandreu\/wp-json\/wp\/v2\/comments?post=5756"}],"version-history":[{"count":4,"href":"https:\/\/agora.xtec.cat\/ceip-agsantandreu\/wp-json\/wp\/v2\/posts\/5756\/revisions"}],"predecessor-version":[{"id":5764,"href":"https:\/\/agora.xtec.cat\/ceip-agsantandreu\/wp-json\/wp\/v2\/posts\/5756\/revisions\/5764"}],"wp:featuredmedia":[{"embeddable":true,"href":"https:\/\/agora.xtec.cat\/ceip-agsantandreu\/wp-json\/wp\/v2\/media\/5760"}],"wp:attachment":[{"href":"https:\/\/agora.xtec.cat\/ceip-agsantandreu\/wp-json\/wp\/v2\/media?parent=5756"}],"wp:term":[{"taxonomy":"category","embeddable":true,"href":"https:\/\/agora.xtec.cat\/ceip-agsantandreu\/wp-json\/wp\/v2\/categories?post=5756"},{"taxonomy":"post_tag","embeddable":true,"href":"https:\/\/agora.xtec.cat\/ceip-agsantandreu\/wp-json\/wp\/v2\/tags?post=5756"}],"curies":[{"name":"wp","href":"https:\/\/api.w.org\/{rel}","templated":true}]}}