{"id":5751,"date":"2021-10-29T14:35:10","date_gmt":"2021-10-29T12:35:10","guid":{"rendered":"https:\/\/agora.xtec.cat\/ceip-agsantandreu\/?p=5751"},"modified":"2021-11-01T14:41:56","modified_gmt":"2021-11-01T13:41:56","slug":"danses-de-tardor-i-castanyada-2","status":"publish","type":"post","link":"https:\/\/agora.xtec.cat\/ceip-agsantandreu\/general\/danses-de-tardor-i-castanyada-2\/","title":{"rendered":"Danses de tardor i castanyada!"},"content":{"rendered":"<p>Ja ha arribat la Castanyada. Com ens agrada molt ballar hem estat preparant a la sessi\u00f3 de m\u00fasica unes danses en relaci\u00f3 a la tardor i castanyada. Ens ho hem passat molt b\u00e9, esperem que us agradin molt!!! Per veure-les cliqueu sobre el t\u00edtol de la dansa:<\/p>\n<p>1r A &#8211; <a href=\"https:\/\/youtu.be\/j1Hs7CNheJE\" target=\"_blank\" rel=\"noopener\">La tardor que jo conec<\/a><\/p>\n<p>1r B &#8211; <a href=\"https:\/\/youtu.be\/jB0L88YCJps\" target=\"_blank\" rel=\"noopener\">La tardor que jo conec<\/a><\/p>\n<p>2n A &#8211; <a href=\"https:\/\/youtu.be\/9X6JFZqe4XI\" target=\"_blank\" rel=\"noopener\">La castanya<\/a><\/p>\n<p>2n B &#8211; <a href=\"https:\/\/youtu.be\/CK07wtQk0Dw\" target=\"_blank\" rel=\"noopener\">La castanya<\/a><\/p>\n<p>&nbsp;<\/p>\n","protected":false},"excerpt":{"rendered":"<p>Ja ha arribat la Castanyada. Com ens agrada molt ballar hem estat preparant a la sessi\u00f3 de m\u00fasica unes danses en relaci\u00f3 a la tardor i castanyada. Ens ho hem passat molt b\u00e9, esperem que us agradin molt!!! Per veure-les cliqueu sobre el t\u00edtol de&hellip;  <a href=\"https:\/\/agora.xtec.cat\/ceip-agsantandreu\/general\/danses-de-tardor-i-castanyada-2\/\" title=\"Read Danses de tardor i castanyada!\">Llegeix m\u00e9s\u00bb<\/a><\/p>\n","protected":false},"author":3,"featured_media":5753,"comment_status":"open","ping_status":"closed","sticky":false,"template":"","format":"standard","meta":{"_bbp_topic_count":0,"_bbp_reply_count":0,"_bbp_total_topic_count":0,"_bbp_total_reply_count":0,"_bbp_voice_count":0,"_bbp_anonymous_reply_count":0,"_bbp_topic_count_hidden":0,"_bbp_reply_count_hidden":0,"_bbp_forum_subforum_count":0,"footnotes":""},"categories":[5,1],"tags":[],"class_list":["post-5751","post","type-post","status-publish","format-standard","has-post-thumbnail","hentry","category-mitjans","category-general"],"post_mailing_queue_ids":[],"_links":{"self":[{"href":"https:\/\/agora.xtec.cat\/ceip-agsantandreu\/wp-json\/wp\/v2\/posts\/5751","targetHints":{"allow":["GET"]}}],"collection":[{"href":"https:\/\/agora.xtec.cat\/ceip-agsantandreu\/wp-json\/wp\/v2\/posts"}],"about":[{"href":"https:\/\/agora.xtec.cat\/ceip-agsantandreu\/wp-json\/wp\/v2\/types\/post"}],"author":[{"embeddable":true,"href":"https:\/\/agora.xtec.cat\/ceip-agsantandreu\/wp-json\/wp\/v2\/users\/3"}],"replies":[{"embeddable":true,"href":"https:\/\/agora.xtec.cat\/ceip-agsantandreu\/wp-json\/wp\/v2\/comments?post=5751"}],"version-history":[{"count":3,"href":"https:\/\/agora.xtec.cat\/ceip-agsantandreu\/wp-json\/wp\/v2\/posts\/5751\/revisions"}],"predecessor-version":[{"id":5794,"href":"https:\/\/agora.xtec.cat\/ceip-agsantandreu\/wp-json\/wp\/v2\/posts\/5751\/revisions\/5794"}],"wp:featuredmedia":[{"embeddable":true,"href":"https:\/\/agora.xtec.cat\/ceip-agsantandreu\/wp-json\/wp\/v2\/media\/5753"}],"wp:attachment":[{"href":"https:\/\/agora.xtec.cat\/ceip-agsantandreu\/wp-json\/wp\/v2\/media?parent=5751"}],"wp:term":[{"taxonomy":"category","embeddable":true,"href":"https:\/\/agora.xtec.cat\/ceip-agsantandreu\/wp-json\/wp\/v2\/categories?post=5751"},{"taxonomy":"post_tag","embeddable":true,"href":"https:\/\/agora.xtec.cat\/ceip-agsantandreu\/wp-json\/wp\/v2\/tags?post=5751"}],"curies":[{"name":"wp","href":"https:\/\/api.w.org\/{rel}","templated":true}]}}