{"id":5745,"date":"2021-10-29T14:30:29","date_gmt":"2021-10-29T12:30:29","guid":{"rendered":"https:\/\/agora.xtec.cat\/ceip-agsantandreu\/?p=5745"},"modified":"2021-11-01T15:32:20","modified_gmt":"2021-11-01T14:32:20","slug":"danses-de-tardor-i-castanyada","status":"publish","type":"post","link":"https:\/\/agora.xtec.cat\/ceip-agsantandreu\/general\/danses-de-tardor-i-castanyada\/","title":{"rendered":"Danses de tardor i Castanyada a Infantil"},"content":{"rendered":"<p style=\"text-align: left;\">Ja ha arribat la Castanyada! Com ens agrada molt ballar hem estat preparant a la sessi\u00f3 de m\u00fasica unes danses en relaci\u00f3 a la tardor i castanyada. Ens ho hem passat molt b\u00e9, esperem que us agradin molt!!! Per veure-les cliqueu sobre el t\u00edtol de la dansa.<\/p>\n<p>P3A &#8211; <a href=\"https:\/\/youtu.be\/1CT2ci3Kdek\" target=\"_blank\" rel=\"noopener\">La Castanyera<\/a><\/p>\n<p>P3 B- <a href=\"https:\/\/youtu.be\/Cef42hgoXN0\" target=\"_blank\" rel=\"noopener\">La Castanyera<\/a><\/p>\n<p>P4 A- <a href=\"https:\/\/youtu.be\/40WjfLyMbao\" target=\"_blank\" rel=\"noopener\">M&#8217;agrada la tardor<\/a><\/p>\n<p>P4 B- <a href=\"https:\/\/youtu.be\/Cqvdj52QyFY\u00e7\" target=\"_blank\" rel=\"noopener\">M&#8217;agrada la tardor<\/a><\/p>\n<p>P5 A &#8211; <a href=\"https:\/\/youtu.be\/V2ct6zVtXsk\" target=\"_blank\" rel=\"noopener\">El rap de la castanya<\/a><\/p>\n<p>P5 B- <a href=\"https:\/\/youtu.be\/VQPr6bQ4kdU\" target=\"_blank\" rel=\"noopener\">El rap de la castanya<\/a><\/p>\n","protected":false},"excerpt":{"rendered":"<p>Ja ha arribat la Castanyada! Com ens agrada molt ballar hem estat preparant a la sessi\u00f3 de m\u00fasica unes danses en relaci\u00f3 a la tardor i castanyada. Ens ho hem passat molt b\u00e9, esperem que us agradin molt!!! Per veure-les cliqueu sobre el t\u00edtol de&hellip;  <a href=\"https:\/\/agora.xtec.cat\/ceip-agsantandreu\/general\/danses-de-tardor-i-castanyada\/\" title=\"Read Danses de tardor i Castanyada a Infantil\">Llegeix m\u00e9s\u00bb<\/a><\/p>\n","protected":false},"author":3,"featured_media":5749,"comment_status":"open","ping_status":"closed","sticky":false,"template":"","format":"standard","meta":{"_bbp_topic_count":0,"_bbp_reply_count":0,"_bbp_total_topic_count":0,"_bbp_total_reply_count":0,"_bbp_voice_count":0,"_bbp_anonymous_reply_count":0,"_bbp_topic_count_hidden":0,"_bbp_reply_count_hidden":0,"_bbp_forum_subforum_count":0,"footnotes":""},"categories":[2,1],"tags":[],"class_list":["post-5745","post","type-post","status-publish","format-standard","has-post-thumbnail","hentry","category-petits","category-general"],"post_mailing_queue_ids":[],"_links":{"self":[{"href":"https:\/\/agora.xtec.cat\/ceip-agsantandreu\/wp-json\/wp\/v2\/posts\/5745","targetHints":{"allow":["GET"]}}],"collection":[{"href":"https:\/\/agora.xtec.cat\/ceip-agsantandreu\/wp-json\/wp\/v2\/posts"}],"about":[{"href":"https:\/\/agora.xtec.cat\/ceip-agsantandreu\/wp-json\/wp\/v2\/types\/post"}],"author":[{"embeddable":true,"href":"https:\/\/agora.xtec.cat\/ceip-agsantandreu\/wp-json\/wp\/v2\/users\/3"}],"replies":[{"embeddable":true,"href":"https:\/\/agora.xtec.cat\/ceip-agsantandreu\/wp-json\/wp\/v2\/comments?post=5745"}],"version-history":[{"count":3,"href":"https:\/\/agora.xtec.cat\/ceip-agsantandreu\/wp-json\/wp\/v2\/posts\/5745\/revisions"}],"predecessor-version":[{"id":5798,"href":"https:\/\/agora.xtec.cat\/ceip-agsantandreu\/wp-json\/wp\/v2\/posts\/5745\/revisions\/5798"}],"wp:featuredmedia":[{"embeddable":true,"href":"https:\/\/agora.xtec.cat\/ceip-agsantandreu\/wp-json\/wp\/v2\/media\/5749"}],"wp:attachment":[{"href":"https:\/\/agora.xtec.cat\/ceip-agsantandreu\/wp-json\/wp\/v2\/media?parent=5745"}],"wp:term":[{"taxonomy":"category","embeddable":true,"href":"https:\/\/agora.xtec.cat\/ceip-agsantandreu\/wp-json\/wp\/v2\/categories?post=5745"},{"taxonomy":"post_tag","embeddable":true,"href":"https:\/\/agora.xtec.cat\/ceip-agsantandreu\/wp-json\/wp\/v2\/tags?post=5745"}],"curies":[{"name":"wp","href":"https:\/\/api.w.org\/{rel}","templated":true}]}}