{"id":5600,"date":"2021-09-13T15:15:30","date_gmt":"2021-09-13T13:15:30","guid":{"rendered":"https:\/\/agora.xtec.cat\/ceip-agsantandreu\/?p=5600"},"modified":"2021-09-13T15:33:58","modified_gmt":"2021-09-13T13:33:58","slug":"informacions-dacces-al-centre-curs-21-22","status":"publish","type":"post","link":"https:\/\/agora.xtec.cat\/ceip-agsantandreu\/general\/informacions-dacces-al-centre-curs-21-22\/","title":{"rendered":"INFORMACIONS D&#8217;ACC\u00c9S AL CENTRE CURS 21\/22"},"content":{"rendered":"<p><a href=\"https:\/\/agora.xtec.cat\/ceip-agsantandreu\/wp-content\/uploads\/usu37\/2021\/09\/Planol-Franja-horaria-8.40.png\"><img loading=\"lazy\" decoding=\"async\" class=\"alignnone wp-image-5603\" src=\"https:\/\/agora.xtec.cat\/ceip-agsantandreu\/wp-content\/uploads\/usu37\/2021\/09\/Planol-Franja-horaria-8.40.png\" alt=\"\" width=\"973\" height=\"730\" srcset=\"https:\/\/agora.xtec.cat\/ceip-agsantandreu\/wp-content\/uploads\/usu37\/2021\/09\/Planol-Franja-horaria-8.40.png 985w, https:\/\/agora.xtec.cat\/ceip-agsantandreu\/wp-content\/uploads\/usu37\/2021\/09\/Planol-Franja-horaria-8.40-300x225.png 300w, https:\/\/agora.xtec.cat\/ceip-agsantandreu\/wp-content\/uploads\/usu37\/2021\/09\/Planol-Franja-horaria-8.40-768x576.png 768w, https:\/\/agora.xtec.cat\/ceip-agsantandreu\/wp-content\/uploads\/usu37\/2021\/09\/Planol-Franja-horaria-8.40-200x150.png 200w\" sizes=\"auto, (max-width: 973px) 100vw, 973px\" \/><\/a><\/p>\n<p><a href=\"https:\/\/agora.xtec.cat\/ceip-agsantandreu\/wp-content\/uploads\/usu37\/2021\/09\/Planol-Franja-horaria-8.50.png\"><img loading=\"lazy\" decoding=\"async\" class=\"alignnone wp-image-5601\" src=\"https:\/\/agora.xtec.cat\/ceip-agsantandreu\/wp-content\/uploads\/usu37\/2021\/09\/Planol-Franja-horaria-8.50.png\" alt=\"\" width=\"978\" height=\"732\" srcset=\"https:\/\/agora.xtec.cat\/ceip-agsantandreu\/wp-content\/uploads\/usu37\/2021\/09\/Planol-Franja-horaria-8.50.png 990w, https:\/\/agora.xtec.cat\/ceip-agsantandreu\/wp-content\/uploads\/usu37\/2021\/09\/Planol-Franja-horaria-8.50-300x225.png 300w, https:\/\/agora.xtec.cat\/ceip-agsantandreu\/wp-content\/uploads\/usu37\/2021\/09\/Planol-Franja-horaria-8.50-768x575.png 768w, https:\/\/agora.xtec.cat\/ceip-agsantandreu\/wp-content\/uploads\/usu37\/2021\/09\/Planol-Franja-horaria-8.50-200x150.png 200w\" sizes=\"auto, (max-width: 978px) 100vw, 978px\" \/><\/a> <a href=\"https:\/\/agora.xtec.cat\/ceip-agsantandreu\/wp-content\/uploads\/usu37\/2021\/09\/Planol-Franja-horaria-9.00.png\"><img loading=\"lazy\" decoding=\"async\" class=\"alignnone size-large wp-image-5602\" src=\"https:\/\/agora.xtec.cat\/ceip-agsantandreu\/wp-content\/uploads\/usu37\/2021\/09\/Planol-Franja-horaria-9.00.png\" alt=\"\" width=\"987\" height=\"744\" srcset=\"https:\/\/agora.xtec.cat\/ceip-agsantandreu\/wp-content\/uploads\/usu37\/2021\/09\/Planol-Franja-horaria-9.00.png 987w, https:\/\/agora.xtec.cat\/ceip-agsantandreu\/wp-content\/uploads\/usu37\/2021\/09\/Planol-Franja-horaria-9.00-300x226.png 300w, https:\/\/agora.xtec.cat\/ceip-agsantandreu\/wp-content\/uploads\/usu37\/2021\/09\/Planol-Franja-horaria-9.00-768x579.png 768w, https:\/\/agora.xtec.cat\/ceip-agsantandreu\/wp-content\/uploads\/usu37\/2021\/09\/Planol-Franja-horaria-9.00-200x150.png 200w\" sizes=\"auto, (max-width: 987px) 100vw, 987px\" \/><\/a> <a href=\"https:\/\/agora.xtec.cat\/ceip-agsantandreu\/wp-content\/uploads\/usu37\/2021\/09\/SORTIDA.png\"><img loading=\"lazy\" decoding=\"async\" class=\"alignnone wp-image-5604\" src=\"https:\/\/agora.xtec.cat\/ceip-agsantandreu\/wp-content\/uploads\/usu37\/2021\/09\/SORTIDA-1024x666.png\" alt=\"\" width=\"928\" height=\"603\" srcset=\"https:\/\/agora.xtec.cat\/ceip-agsantandreu\/wp-content\/uploads\/usu37\/2021\/09\/SORTIDA-1024x666.png 1024w, https:\/\/agora.xtec.cat\/ceip-agsantandreu\/wp-content\/uploads\/usu37\/2021\/09\/SORTIDA-300x195.png 300w, https:\/\/agora.xtec.cat\/ceip-agsantandreu\/wp-content\/uploads\/usu37\/2021\/09\/SORTIDA-768x500.png 768w, https:\/\/agora.xtec.cat\/ceip-agsantandreu\/wp-content\/uploads\/usu37\/2021\/09\/SORTIDA.png 1051w\" sizes=\"auto, (max-width: 928px) 100vw, 928px\" \/><\/a><\/p>\n<ul>\n<li><strong>NORMES D&#8217;ENTRADA:<\/strong><\/li>\n<\/ul>\n<p>En tot moment <strong>les fam\u00edlies us haureu de mantenir <u>fora del centre<\/u> <\/strong>amb l\u2019excepci\u00f3 dels infants de P3 que podran ser acompanyats a la seva aula per nom\u00e9s un familiar.<\/p>\n<p>Les fam\u00edlies nom\u00e9s podreu accedir a l\u2019escola amb cita pr\u00e8via o si sou convocats pel tutor\/a o qualsevol altre mestre del vostre fill\/a.<\/p>\n<p>Recordeu que tothom ha d\u2019anar amb mascareta (familiars i alumnes) i que s\u2019ha de ser molt puntual a les entrades i sortides per a evitar les aglomeracions .<\/p>\n<ul>\n<li><strong>NORMES DE SORTIDA:<\/strong><\/li>\n<\/ul>\n<p>Les fam\u00edlies esperaran fora en tots dos accessos de l&#8217;escola. Els alumnes sortiran per grups en la seva franja hor\u00e0ria corresponent segons el seu curs.<\/p>\n<p><strong>Els grups amb la lletra &#8220;A&#8221; sortiran pel costat dret i els grups amb la lletra &#8220;B&#8221; sortiran pel costat esquerre en\u00a0tots dos accessos.<\/strong><\/p>\n<ul>\n<li><strong>EN CAS DE PLUJA:<\/strong><\/li>\n<\/ul>\n<p><strong>-SITUACI\u00d3 A<\/strong>: Si el dia ha comen\u00e7at amb pluja els infants entraran amb el seu paraig\u00fces o impermeable i seguiran l\u2019itinerari habitual a la seva aula amb el seu tutor\/a. Es far\u00e0 igual a la sortida, com tenen paraig\u00fces o impermeable sortiran amb els\/les tutores fins a les seves portes d\u2019acc\u00e9s.<\/p>\n<p><strong>-SITUACI\u00d3 B<\/strong>: Si al mat\u00ed entren sense pluja i plou en el moment de la sortida, les fam\u00edlies podran accedir al recinte escolar per\u00f2 <strong><u>no entrar als edificis<\/u><\/strong>. S\u2019ha de seguir l\u2019horari de sortida habitual.<\/p>\n<p>-E.INFANTIL: Les fam\u00edlies recolliran als infants a la seva aula a trav\u00e9s de la porta del pati corresponent.<\/p>\n<p>-C.INICIAL: Les fam\u00edlies de 1r i 2nB recolliran als infants a trav\u00e9s de la terrasseta i 2nA a trav\u00e9s de la porta d\u2019entrada a l\u2019edifici d\u2019infantil.<\/p>\n<p>-C.MITJ\u00c0: Les fam\u00edlies recolliran als infants a trav\u00e9s de la porta de l\u2019edifici principal.<\/p>\n<p>-C.SUPERIOR: Les fam\u00edlies de 5\u00e8 i 6\u00e8 recolliran als infants a trav\u00e9s de la porta de l\u2019edifici principal.<\/p>\n<p>HEM D\u2019INTENTAR SER MOLT PUNTUALS EN LA RECOLLIDA I ABANDONAR EL RECINTE EL M\u00c9S AVIAT <u style=\"font-family: inherit; font-size: 1em;\"><strong>POSSIBLE PER TAL D\u2019EVITAR AGLOMERACIONS<\/strong><\/u><\/p>\n","protected":false},"excerpt":{"rendered":"<p><a href=\"https:\/\/agora.xtec.cat\/ceip-agsantandreu\/wp-content\/uploads\/usu37\/2021\/09\/Planol-Franja-horaria-8.40.png\"><\/a><br \/>\n<a href=\"https:\/\/agora.xtec.cat\/ceip-agsantandreu\/wp-content\/uploads\/usu37\/2021\/09\/Planol-Franja-horaria-8.50.png\"><\/a> <a href=\"https:\/\/agora.xtec.cat\/ceip-agsantandreu\/wp-content\/uploads\/usu37\/2021\/09\/Planol-Franja-horaria-9.00.png\"><\/a> <a href=\"https:\/\/agora.xtec.cat\/ceip-agsantandreu\/wp-content\/uploads\/usu37\/2021\/09\/SORTIDA.png\"><\/a><\/p>\n<ul>\n<li>NORMES D&#8217;ENTRADA:<\/li>\n<\/ul>\n<p>En tot moment les fam\u00edlies us haureu de mantenir fora del centre amb l\u2019excepci\u00f3 dels infants de P3 que podran ser acompanyats a la seva aula per nom\u00e9s un familiar.<br \/>\nLes fam\u00edlies nom\u00e9s podreu accedir a l\u2019escola amb cita&hellip;  <a href=\"https:\/\/agora.xtec.cat\/ceip-agsantandreu\/general\/informacions-dacces-al-centre-curs-21-22\/\" title=\"Read INFORMACIONS D&#8217;ACC\u00c9S AL CENTRE CURS 21\/22\">Llegeix m\u00e9s\u00bb<\/a><\/p>\n","protected":false},"author":1,"featured_media":0,"comment_status":"closed","ping_status":"closed","sticky":false,"template":"","format":"standard","meta":{"_bbp_topic_count":0,"_bbp_reply_count":0,"_bbp_total_topic_count":0,"_bbp_total_reply_count":0,"_bbp_voice_count":0,"_bbp_anonymous_reply_count":0,"_bbp_topic_count_hidden":0,"_bbp_reply_count_hidden":0,"_bbp_forum_subforum_count":0,"footnotes":""},"categories":[1],"tags":[],"class_list":["post-5600","post","type-post","status-publish","format-standard","hentry","category-general"],"post_mailing_queue_ids":[],"_links":{"self":[{"href":"https:\/\/agora.xtec.cat\/ceip-agsantandreu\/wp-json\/wp\/v2\/posts\/5600","targetHints":{"allow":["GET"]}}],"collection":[{"href":"https:\/\/agora.xtec.cat\/ceip-agsantandreu\/wp-json\/wp\/v2\/posts"}],"about":[{"href":"https:\/\/agora.xtec.cat\/ceip-agsantandreu\/wp-json\/wp\/v2\/types\/post"}],"author":[{"embeddable":true,"href":"https:\/\/agora.xtec.cat\/ceip-agsantandreu\/wp-json\/wp\/v2\/users\/1"}],"replies":[{"embeddable":true,"href":"https:\/\/agora.xtec.cat\/ceip-agsantandreu\/wp-json\/wp\/v2\/comments?post=5600"}],"version-history":[{"count":3,"href":"https:\/\/agora.xtec.cat\/ceip-agsantandreu\/wp-json\/wp\/v2\/posts\/5600\/revisions"}],"predecessor-version":[{"id":5610,"href":"https:\/\/agora.xtec.cat\/ceip-agsantandreu\/wp-json\/wp\/v2\/posts\/5600\/revisions\/5610"}],"wp:attachment":[{"href":"https:\/\/agora.xtec.cat\/ceip-agsantandreu\/wp-json\/wp\/v2\/media?parent=5600"}],"wp:term":[{"taxonomy":"category","embeddable":true,"href":"https:\/\/agora.xtec.cat\/ceip-agsantandreu\/wp-json\/wp\/v2\/categories?post=5600"},{"taxonomy":"post_tag","embeddable":true,"href":"https:\/\/agora.xtec.cat\/ceip-agsantandreu\/wp-json\/wp\/v2\/tags?post=5600"}],"curies":[{"name":"wp","href":"https:\/\/api.w.org\/{rel}","templated":true}]}}