{"id":5582,"date":"2021-09-10T18:20:43","date_gmt":"2021-09-10T16:20:43","guid":{"rendered":"https:\/\/agora.xtec.cat\/ceip-agsantandreu\/?p=5582"},"modified":"2021-09-10T18:20:43","modified_gmt":"2021-09-10T16:20:43","slug":"acollida-mati-i-tarda","status":"publish","type":"post","link":"https:\/\/agora.xtec.cat\/ceip-agsantandreu\/afa\/acollida-mati-i-tarda\/","title":{"rendered":"ACOLLIDA MAT\u00cd I TARDA"},"content":{"rendered":"<p>Hola fam\u00edlies,<\/p>\n<p>Us detallem la informaci\u00f3 del servei:<\/p>\n<div><\/div>\n<div>&#8211; ACOLLIDA DE MAT\u00cd, des del primer dia 13 de setembre, des de les 7.30h . Empresa 7 i TRIA amb formulari d&#8217;inscripci\u00f3 (teniu enlla\u00e7 m\u00e9s endavant). Podeu fer arribar el full d&#8217;inscripci\u00f3 al MAIL del AMPA o entregar directamente a la monitora el primer dia d&#8217;\u00fas del servei.<\/div>\n<div><\/div>\n<div><\/div>\n<div><a href=\"https:\/\/agora.xtec.cat\/ceip-agsantandreu\/wp-content\/uploads\/usu37\/2021\/09\/FULL-INSCRIPCIO-ACOLLIDA-MATINAL-2021-2022.pdf\">FULL INSCRIPCI\u00d3 ACOLLIDA MATINAL<\/a><\/div>\n<div><\/div>\n<div><\/div>\n<div><\/div>\n<div>&#8211; ACOLLIDA DE TARDA, que anomenarem ESPAI DE TARDA. Des del primer dia, dilluns 13 de setembre, fins a les 17.30h. Empresa Diver&#8217;s. Adjuntem full informatiu del servei amb preus y link d&#8217;inscripci\u00f3 en un enlla\u00e7.<\/div>\n<div><\/div>\n<div><\/div>\n<div><a href=\"https:\/\/agora.xtec.cat\/ceip-agsantandreu\/wp-content\/uploads\/usu37\/2021\/09\/angel-gimera-TARDES.pdf\">FULL INFORMATIU ACOLLIDA TARDA<\/a><\/div>\n<div><\/div>\n<div><\/div>\n<div>Moltes gr\u00e0cies<\/div>\n","protected":false},"excerpt":{"rendered":"<p>Hola fam\u00edlies,<br \/>\nUs detallem la informaci\u00f3 del servei:<\/p>\n<p>&#8211; ACOLLIDA DE MAT\u00cd, des del primer dia 13 de setembre, des de les 7.30h . Empresa 7 i TRIA amb formulari d&#8217;inscripci\u00f3 (teniu enlla\u00e7 m\u00e9s endavant). Podeu fer arribar el full d&#8217;inscripci\u00f3 al MAIL del AMPA o entregar&hellip;  <a href=\"https:\/\/agora.xtec.cat\/ceip-agsantandreu\/afa\/acollida-mati-i-tarda\/\" title=\"Read ACOLLIDA MAT\u00cd I TARDA\">Llegeix m\u00e9s\u00bb<\/a><\/p>\n","protected":false},"author":6,"featured_media":5585,"comment_status":"closed","ping_status":"closed","sticky":false,"template":"","format":"standard","meta":{"_bbp_topic_count":0,"_bbp_reply_count":0,"_bbp_total_topic_count":0,"_bbp_total_reply_count":0,"_bbp_voice_count":0,"_bbp_anonymous_reply_count":0,"_bbp_topic_count_hidden":0,"_bbp_reply_count_hidden":0,"_bbp_forum_subforum_count":0,"footnotes":""},"categories":[7],"tags":[],"class_list":["post-5582","post","type-post","status-publish","format-standard","has-post-thumbnail","hentry","category-afa"],"post_mailing_queue_ids":[],"_links":{"self":[{"href":"https:\/\/agora.xtec.cat\/ceip-agsantandreu\/wp-json\/wp\/v2\/posts\/5582","targetHints":{"allow":["GET"]}}],"collection":[{"href":"https:\/\/agora.xtec.cat\/ceip-agsantandreu\/wp-json\/wp\/v2\/posts"}],"about":[{"href":"https:\/\/agora.xtec.cat\/ceip-agsantandreu\/wp-json\/wp\/v2\/types\/post"}],"author":[{"embeddable":true,"href":"https:\/\/agora.xtec.cat\/ceip-agsantandreu\/wp-json\/wp\/v2\/users\/6"}],"replies":[{"embeddable":true,"href":"https:\/\/agora.xtec.cat\/ceip-agsantandreu\/wp-json\/wp\/v2\/comments?post=5582"}],"version-history":[{"count":2,"href":"https:\/\/agora.xtec.cat\/ceip-agsantandreu\/wp-json\/wp\/v2\/posts\/5582\/revisions"}],"predecessor-version":[{"id":5587,"href":"https:\/\/agora.xtec.cat\/ceip-agsantandreu\/wp-json\/wp\/v2\/posts\/5582\/revisions\/5587"}],"wp:featuredmedia":[{"embeddable":true,"href":"https:\/\/agora.xtec.cat\/ceip-agsantandreu\/wp-json\/wp\/v2\/media\/5585"}],"wp:attachment":[{"href":"https:\/\/agora.xtec.cat\/ceip-agsantandreu\/wp-json\/wp\/v2\/media?parent=5582"}],"wp:term":[{"taxonomy":"category","embeddable":true,"href":"https:\/\/agora.xtec.cat\/ceip-agsantandreu\/wp-json\/wp\/v2\/categories?post=5582"},{"taxonomy":"post_tag","embeddable":true,"href":"https:\/\/agora.xtec.cat\/ceip-agsantandreu\/wp-json\/wp\/v2\/tags?post=5582"}],"curies":[{"name":"wp","href":"https:\/\/api.w.org\/{rel}","templated":true}]}}