{"id":5570,"date":"2021-06-23T14:47:20","date_gmt":"2021-06-23T12:47:20","guid":{"rendered":"https:\/\/agora.xtec.cat\/ceip-agsantandreu\/?p=5570"},"modified":"2021-06-23T14:47:20","modified_gmt":"2021-06-23T12:47:20","slug":"cloenda-fi-de-curs-20-21","status":"publish","type":"post","link":"https:\/\/agora.xtec.cat\/ceip-agsantandreu\/general\/cloenda-fi-de-curs-20-21\/","title":{"rendered":"Cloenda &#8211; Fi de curs 20\/21"},"content":{"rendered":"<p>Fins aqu\u00ed el curs escolar 2020\/2021<\/p>\n<p>Amb aquest acte tanquem un curs molt intens, agraint a tota la comunitat educativa el seu comprom\u00eds amb l&#8217;escola.<\/p>\n<p>Desitgem als alumnes de 6\u00e8 que ja marxen, que els hi vagi d&#8217;all\u00f2 m\u00e9s b\u00e9 a la seva nova etapa.<\/p>\n<p>A la resta dels nostres estimats alumnes, ens veiem aqu\u00ed al setembre amb les piles carregades!<\/p>\n<p>Ara,\u00a0a gaudir d&#8217;un estiu ben merescut!<\/p>\n<p><a href=\"https:\/\/agora.xtec.cat\/ceip-agsantandreu\/wp-content\/uploads\/usu37\/2021\/06\/WhatsApp-Image-2021-06-23-at-09.58.10.jpeg\"><img loading=\"lazy\" decoding=\"async\" class=\"alignnone wp-image-5571 size-medium\" src=\"https:\/\/agora.xtec.cat\/ceip-agsantandreu\/wp-content\/uploads\/usu37\/2021\/06\/WhatsApp-Image-2021-06-23-at-09.58.10-300x225.jpeg\" alt=\"\" width=\"300\" height=\"225\" srcset=\"https:\/\/agora.xtec.cat\/ceip-agsantandreu\/wp-content\/uploads\/usu37\/2021\/06\/WhatsApp-Image-2021-06-23-at-09.58.10-300x225.jpeg 300w, https:\/\/agora.xtec.cat\/ceip-agsantandreu\/wp-content\/uploads\/usu37\/2021\/06\/WhatsApp-Image-2021-06-23-at-09.58.10-768x576.jpeg 768w, https:\/\/agora.xtec.cat\/ceip-agsantandreu\/wp-content\/uploads\/usu37\/2021\/06\/WhatsApp-Image-2021-06-23-at-09.58.10-1024x768.jpeg 1024w, https:\/\/agora.xtec.cat\/ceip-agsantandreu\/wp-content\/uploads\/usu37\/2021\/06\/WhatsApp-Image-2021-06-23-at-09.58.10-200x150.jpeg 200w, https:\/\/agora.xtec.cat\/ceip-agsantandreu\/wp-content\/uploads\/usu37\/2021\/06\/WhatsApp-Image-2021-06-23-at-09.58.10.jpeg 2048w\" sizes=\"auto, (max-width: 300px) 100vw, 300px\" \/><\/a><\/p>\n<p><a href=\"https:\/\/photos.app.goo.gl\/uHrb9paQCbkfgB1Y6\" target=\"_blank\" rel=\"noopener noreferrer\">Actuacions de final de curs &#8211; Graduaci\u00f3 de 6\u00e8<\/a><\/p>\n","protected":false},"excerpt":{"rendered":"<p>Fins aqu\u00ed el curs escolar 2020\/2021<br \/>\nAmb aquest acte tanquem un curs molt intens, agraint a tota la comunitat educativa el seu comprom\u00eds amb l&#8217;escola.<br \/>\nDesitgem als alumnes de 6\u00e8 que ja marxen, que els hi vagi d&#8217;all\u00f2 m\u00e9s b\u00e9 a la seva nova etapa.<br \/>\nA la resta&hellip;  <a href=\"https:\/\/agora.xtec.cat\/ceip-agsantandreu\/general\/cloenda-fi-de-curs-20-21\/\" title=\"Read Cloenda &#8211; Fi de curs 20\/21\">Llegeix m\u00e9s\u00bb<\/a><\/p>\n","protected":false},"author":1,"featured_media":0,"comment_status":"closed","ping_status":"closed","sticky":false,"template":"","format":"standard","meta":{"_bbp_topic_count":0,"_bbp_reply_count":0,"_bbp_total_topic_count":0,"_bbp_total_reply_count":0,"_bbp_voice_count":0,"_bbp_anonymous_reply_count":0,"_bbp_topic_count_hidden":0,"_bbp_reply_count_hidden":0,"_bbp_forum_subforum_count":0,"footnotes":""},"categories":[1,4],"tags":[],"class_list":["post-5570","post","type-post","status-publish","format-standard","hentry","category-general","category-portada"],"post_mailing_queue_ids":[],"_links":{"self":[{"href":"https:\/\/agora.xtec.cat\/ceip-agsantandreu\/wp-json\/wp\/v2\/posts\/5570","targetHints":{"allow":["GET"]}}],"collection":[{"href":"https:\/\/agora.xtec.cat\/ceip-agsantandreu\/wp-json\/wp\/v2\/posts"}],"about":[{"href":"https:\/\/agora.xtec.cat\/ceip-agsantandreu\/wp-json\/wp\/v2\/types\/post"}],"author":[{"embeddable":true,"href":"https:\/\/agora.xtec.cat\/ceip-agsantandreu\/wp-json\/wp\/v2\/users\/1"}],"replies":[{"embeddable":true,"href":"https:\/\/agora.xtec.cat\/ceip-agsantandreu\/wp-json\/wp\/v2\/comments?post=5570"}],"version-history":[{"count":4,"href":"https:\/\/agora.xtec.cat\/ceip-agsantandreu\/wp-json\/wp\/v2\/posts\/5570\/revisions"}],"predecessor-version":[{"id":5575,"href":"https:\/\/agora.xtec.cat\/ceip-agsantandreu\/wp-json\/wp\/v2\/posts\/5570\/revisions\/5575"}],"wp:attachment":[{"href":"https:\/\/agora.xtec.cat\/ceip-agsantandreu\/wp-json\/wp\/v2\/media?parent=5570"}],"wp:term":[{"taxonomy":"category","embeddable":true,"href":"https:\/\/agora.xtec.cat\/ceip-agsantandreu\/wp-json\/wp\/v2\/categories?post=5570"},{"taxonomy":"post_tag","embeddable":true,"href":"https:\/\/agora.xtec.cat\/ceip-agsantandreu\/wp-json\/wp\/v2\/tags?post=5570"}],"curies":[{"name":"wp","href":"https:\/\/api.w.org\/{rel}","templated":true}]}}