{"id":5546,"date":"2021-06-18T09:32:25","date_gmt":"2021-06-18T07:32:25","guid":{"rendered":"https:\/\/agora.xtec.cat\/ceip-agsantandreu\/?p=5546"},"modified":"2021-06-18T10:19:49","modified_gmt":"2021-06-18T08:19:49","slug":"1r-va-anar-al-delta-del-llobregat","status":"publish","type":"post","link":"https:\/\/agora.xtec.cat\/ceip-agsantandreu\/general\/1r-va-anar-al-delta-del-llobregat\/","title":{"rendered":"1r va anar al Delta del Llobregat"},"content":{"rendered":"<p>Ahir vam anar a visitar el Delta del Llobregat.<\/p>\n<p>Vam veure aus, amb els prism\u00e0tics, i con\u00e8ixer moltes esp\u00e8cies d&#8217;aus i peixos diferents.<\/p>\n<p>Vam pujar a un mirador per veure la desembocadura del riu Llobregat al mar.<\/p>\n<p>I, per fi, vam jugar a la platja.<\/p>\n<p>Ens va agradar molt aquesta sortida i ens ho vam passar molt b\u00e9.<\/p>\n<p>Clica sobre la foto per veure m\u00e9s<\/p>\n<p><a href=\"https:\/\/photos.app.goo.gl\/BY6NZjNYDk5G2oby9\" target=\"_blank\" rel=\"noopener noreferrer\"><img loading=\"lazy\" decoding=\"async\" class=\"aligncenter wp-image-5547 size-medium\" src=\"https:\/\/agora.xtec.cat\/ceip-agsantandreu\/wp-content\/uploads\/usu37\/2021\/06\/WhatsApp-Image-2021-06-18-at-09.11.13-Copiar-300x169.jpeg\" alt=\"\" width=\"300\" height=\"169\" srcset=\"https:\/\/agora.xtec.cat\/ceip-agsantandreu\/wp-content\/uploads\/usu37\/2021\/06\/WhatsApp-Image-2021-06-18-at-09.11.13-Copiar-300x169.jpeg 300w, https:\/\/agora.xtec.cat\/ceip-agsantandreu\/wp-content\/uploads\/usu37\/2021\/06\/WhatsApp-Image-2021-06-18-at-09.11.13-Copiar-768x432.jpeg 768w, https:\/\/agora.xtec.cat\/ceip-agsantandreu\/wp-content\/uploads\/usu37\/2021\/06\/WhatsApp-Image-2021-06-18-at-09.11.13-Copiar.jpeg 1024w\" sizes=\"auto, (max-width: 300px) 100vw, 300px\" \/><\/a><\/p>\n","protected":false},"excerpt":{"rendered":"<p>Ahir vam anar a visitar el Delta del Llobregat.<br \/>\nVam veure aus, amb els prism\u00e0tics, i con\u00e8ixer moltes esp\u00e8cies d&#8217;aus i peixos diferents.<br \/>\nVam pujar a un mirador per veure la desembocadura del riu Llobregat al mar.<br \/>\nI, per fi, vam jugar a la platja.<br \/>\nEns va agradar molt&hellip;  <a href=\"https:\/\/agora.xtec.cat\/ceip-agsantandreu\/general\/1r-va-anar-al-delta-del-llobregat\/\" title=\"Read 1r va anar al Delta del Llobregat\">Llegeix m\u00e9s\u00bb<\/a><\/p>\n","protected":false},"author":3,"featured_media":0,"comment_status":"open","ping_status":"closed","sticky":false,"template":"","format":"standard","meta":{"_bbp_topic_count":0,"_bbp_reply_count":0,"_bbp_total_topic_count":0,"_bbp_total_reply_count":0,"_bbp_voice_count":0,"_bbp_anonymous_reply_count":0,"_bbp_topic_count_hidden":0,"_bbp_reply_count_hidden":0,"_bbp_forum_subforum_count":0,"footnotes":""},"categories":[5,1,4],"tags":[],"class_list":["post-5546","post","type-post","status-publish","format-standard","hentry","category-mitjans","category-general","category-portada"],"post_mailing_queue_ids":[],"_links":{"self":[{"href":"https:\/\/agora.xtec.cat\/ceip-agsantandreu\/wp-json\/wp\/v2\/posts\/5546","targetHints":{"allow":["GET"]}}],"collection":[{"href":"https:\/\/agora.xtec.cat\/ceip-agsantandreu\/wp-json\/wp\/v2\/posts"}],"about":[{"href":"https:\/\/agora.xtec.cat\/ceip-agsantandreu\/wp-json\/wp\/v2\/types\/post"}],"author":[{"embeddable":true,"href":"https:\/\/agora.xtec.cat\/ceip-agsantandreu\/wp-json\/wp\/v2\/users\/3"}],"replies":[{"embeddable":true,"href":"https:\/\/agora.xtec.cat\/ceip-agsantandreu\/wp-json\/wp\/v2\/comments?post=5546"}],"version-history":[{"count":2,"href":"https:\/\/agora.xtec.cat\/ceip-agsantandreu\/wp-json\/wp\/v2\/posts\/5546\/revisions"}],"predecessor-version":[{"id":5549,"href":"https:\/\/agora.xtec.cat\/ceip-agsantandreu\/wp-json\/wp\/v2\/posts\/5546\/revisions\/5549"}],"wp:attachment":[{"href":"https:\/\/agora.xtec.cat\/ceip-agsantandreu\/wp-json\/wp\/v2\/media?parent=5546"}],"wp:term":[{"taxonomy":"category","embeddable":true,"href":"https:\/\/agora.xtec.cat\/ceip-agsantandreu\/wp-json\/wp\/v2\/categories?post=5546"},{"taxonomy":"post_tag","embeddable":true,"href":"https:\/\/agora.xtec.cat\/ceip-agsantandreu\/wp-json\/wp\/v2\/tags?post=5546"}],"curies":[{"name":"wp","href":"https:\/\/api.w.org\/{rel}","templated":true}]}}