{"id":5529,"date":"2021-06-16T11:35:12","date_gmt":"2021-06-16T09:35:12","guid":{"rendered":"https:\/\/agora.xtec.cat\/ceip-agsantandreu\/?p=5529"},"modified":"2021-06-16T19:22:34","modified_gmt":"2021-06-16T17:22:34","slug":"capita-vitamines-a-educacio-infantil","status":"publish","type":"post","link":"https:\/\/agora.xtec.cat\/ceip-agsantandreu\/general\/capita-vitamines-a-educacio-infantil\/","title":{"rendered":"CAPIT\u00c0 VITAMINES A EDUCACI\u00d3 INFANTIL"},"content":{"rendered":"<p><strong>VOLEU SABER QUI \u00c9S EL CAPIT\u00c0 VITAMINES?? MIREU AQUEST V\u00cdDEO.<\/strong><\/p>\n<p><strong>INFADIMED<\/strong> \u00e9s un programa dut a terme per infermeres d\u2019atenci\u00f3 prim\u00e0ria que promou la dieta mediterr\u00e0nia entre els alumnes d\u2019educaci\u00f3 infantil i prim\u00e0ria amb l\u2019objectiu de donar eines als nens perqu\u00e8 puguin decidir qu\u00e8 \u00e9s m\u00e9s benefici\u00f3s per a la seva salut. Cliqueu a l&#8217; enlla\u00e7 i el podreu con\u00e8ixer!!\u00a0 Endavant!!<\/p>\n<p><a href=\"https:\/\/youtu.be\/etsDy2MoN38\" target=\"_blank\" rel=\"noopener noreferrer\"><img loading=\"lazy\" decoding=\"async\" class=\"aligncenter wp-image-5533\" src=\"https:\/\/agora.xtec.cat\/ceip-agsantandreu\/wp-content\/uploads\/usu37\/2021\/06\/INFADIMED-300x169.jpg\" alt=\"\" width=\"328\" height=\"185\" srcset=\"https:\/\/agora.xtec.cat\/ceip-agsantandreu\/wp-content\/uploads\/usu37\/2021\/06\/INFADIMED-300x169.jpg 300w, https:\/\/agora.xtec.cat\/ceip-agsantandreu\/wp-content\/uploads\/usu37\/2021\/06\/INFADIMED.jpg 512w\" sizes=\"auto, (max-width: 328px) 100vw, 328px\" \/><\/a><\/p>\n<p><a href=\"https:\/\/www.youtube.com\/watch?v=etsDy2MoN38\">capit\u00e0 vitamines<\/a><\/p>\n","protected":false},"excerpt":{"rendered":"<p>VOLEU SABER QUI \u00c9S EL CAPIT\u00c0 VITAMINES?? MIREU AQUEST V\u00cdDEO.<br \/>\nINFADIMED \u00e9s un programa dut a terme per infermeres d\u2019atenci\u00f3 prim\u00e0ria que promou la dieta mediterr\u00e0nia entre els alumnes d\u2019educaci\u00f3 infantil i prim\u00e0ria amb l\u2019objectiu de donar eines als nens perqu\u00e8 puguin decidir qu\u00e8 \u00e9s m\u00e9s&hellip;  <a href=\"https:\/\/agora.xtec.cat\/ceip-agsantandreu\/general\/capita-vitamines-a-educacio-infantil\/\" title=\"Read CAPIT\u00c0 VITAMINES A EDUCACI\u00d3 INFANTIL\">Llegeix m\u00e9s\u00bb<\/a><\/p>\n","protected":false},"author":3,"featured_media":5530,"comment_status":"open","ping_status":"closed","sticky":false,"template":"","format":"standard","meta":{"_bbp_topic_count":0,"_bbp_reply_count":0,"_bbp_total_topic_count":0,"_bbp_total_reply_count":0,"_bbp_voice_count":0,"_bbp_anonymous_reply_count":0,"_bbp_topic_count_hidden":0,"_bbp_reply_count_hidden":0,"_bbp_forum_subforum_count":0,"footnotes":""},"categories":[2,1],"tags":[],"class_list":["post-5529","post","type-post","status-publish","format-standard","has-post-thumbnail","hentry","category-petits","category-general"],"post_mailing_queue_ids":[],"_links":{"self":[{"href":"https:\/\/agora.xtec.cat\/ceip-agsantandreu\/wp-json\/wp\/v2\/posts\/5529","targetHints":{"allow":["GET"]}}],"collection":[{"href":"https:\/\/agora.xtec.cat\/ceip-agsantandreu\/wp-json\/wp\/v2\/posts"}],"about":[{"href":"https:\/\/agora.xtec.cat\/ceip-agsantandreu\/wp-json\/wp\/v2\/types\/post"}],"author":[{"embeddable":true,"href":"https:\/\/agora.xtec.cat\/ceip-agsantandreu\/wp-json\/wp\/v2\/users\/3"}],"replies":[{"embeddable":true,"href":"https:\/\/agora.xtec.cat\/ceip-agsantandreu\/wp-json\/wp\/v2\/comments?post=5529"}],"version-history":[{"count":3,"href":"https:\/\/agora.xtec.cat\/ceip-agsantandreu\/wp-json\/wp\/v2\/posts\/5529\/revisions"}],"predecessor-version":[{"id":5534,"href":"https:\/\/agora.xtec.cat\/ceip-agsantandreu\/wp-json\/wp\/v2\/posts\/5529\/revisions\/5534"}],"wp:featuredmedia":[{"embeddable":true,"href":"https:\/\/agora.xtec.cat\/ceip-agsantandreu\/wp-json\/wp\/v2\/media\/5530"}],"wp:attachment":[{"href":"https:\/\/agora.xtec.cat\/ceip-agsantandreu\/wp-json\/wp\/v2\/media?parent=5529"}],"wp:term":[{"taxonomy":"category","embeddable":true,"href":"https:\/\/agora.xtec.cat\/ceip-agsantandreu\/wp-json\/wp\/v2\/categories?post=5529"},{"taxonomy":"post_tag","embeddable":true,"href":"https:\/\/agora.xtec.cat\/ceip-agsantandreu\/wp-json\/wp\/v2\/tags?post=5529"}],"curies":[{"name":"wp","href":"https:\/\/api.w.org\/{rel}","templated":true}]}}