{"id":5524,"date":"2021-06-16T10:53:36","date_gmt":"2021-06-16T08:53:36","guid":{"rendered":"https:\/\/agora.xtec.cat\/ceip-agsantandreu\/?p=5524"},"modified":"2021-06-16T10:53:36","modified_gmt":"2021-06-16T08:53:36","slug":"excursio-de-2n-al-delta-del-llobregat","status":"publish","type":"post","link":"https:\/\/agora.xtec.cat\/ceip-agsantandreu\/general\/excursio-de-2n-al-delta-del-llobregat\/","title":{"rendered":"Excursi\u00f3 de 2n al Delta del Llobregat"},"content":{"rendered":"<p>Ahir els nens i nenes de 2n vam anar d&#8217;excursi\u00f3 al Delta del Llobregat. All\u00e0, amb l&#8217;ajuda d&#8217;uns prism\u00e0tics, vam poder observar\u00a0 alguns dels animals que hi viuen. Tamb\u00e9 vam pujar a un mirador per poder veure la platja protegida i la zona que l&#8217;envolta. Finalment, vam passar una estona jugant a la platja.<\/p>\n<p>Aqu\u00ed us deixem les<a href=\"https:\/\/photos.app.goo.gl\/Mi9syfyEdUK2E2YW6\"> fotos<\/a> de la sortida.<\/p>\n<p><a href=\"https:\/\/agora.xtec.cat\/ceip-agsantandreu\/wp-content\/uploads\/usu37\/2021\/06\/IMG_9888_opt.jpeg\"><img loading=\"lazy\" decoding=\"async\" class=\"alignleft size-medium wp-image-5525\" src=\"https:\/\/agora.xtec.cat\/ceip-agsantandreu\/wp-content\/uploads\/usu37\/2021\/06\/IMG_9888_opt-300x225.jpeg\" alt=\"\" width=\"300\" height=\"225\" srcset=\"https:\/\/agora.xtec.cat\/ceip-agsantandreu\/wp-content\/uploads\/usu37\/2021\/06\/IMG_9888_opt-300x225.jpeg 300w, https:\/\/agora.xtec.cat\/ceip-agsantandreu\/wp-content\/uploads\/usu37\/2021\/06\/IMG_9888_opt-200x150.jpeg 200w, https:\/\/agora.xtec.cat\/ceip-agsantandreu\/wp-content\/uploads\/usu37\/2021\/06\/IMG_9888_opt.jpeg 400w\" sizes=\"auto, (max-width: 300px) 100vw, 300px\" \/><\/a><\/p>\n<p>&nbsp;<\/p>\n","protected":false},"excerpt":{"rendered":"<p>Ahir els nens i nenes de 2n vam anar d&#8217;excursi\u00f3 al Delta del Llobregat. All\u00e0, amb l&#8217;ajuda d&#8217;uns prism\u00e0tics, vam poder observar\u00a0 alguns dels animals que hi viuen. Tamb\u00e9 vam pujar a un mirador per poder veure la platja protegida i la zona que l&#8217;envolta.&hellip;  <a href=\"https:\/\/agora.xtec.cat\/ceip-agsantandreu\/general\/excursio-de-2n-al-delta-del-llobregat\/\" title=\"Read Excursi\u00f3 de 2n al Delta del Llobregat\">Llegeix m\u00e9s\u00bb<\/a><\/p>\n","protected":false},"author":3,"featured_media":5525,"comment_status":"open","ping_status":"closed","sticky":false,"template":"","format":"standard","meta":{"_bbp_topic_count":0,"_bbp_reply_count":0,"_bbp_total_topic_count":0,"_bbp_total_reply_count":0,"_bbp_voice_count":0,"_bbp_anonymous_reply_count":0,"_bbp_topic_count_hidden":0,"_bbp_reply_count_hidden":0,"_bbp_forum_subforum_count":0,"footnotes":""},"categories":[5,1],"tags":[],"class_list":["post-5524","post","type-post","status-publish","format-standard","has-post-thumbnail","hentry","category-mitjans","category-general"],"post_mailing_queue_ids":[],"_links":{"self":[{"href":"https:\/\/agora.xtec.cat\/ceip-agsantandreu\/wp-json\/wp\/v2\/posts\/5524","targetHints":{"allow":["GET"]}}],"collection":[{"href":"https:\/\/agora.xtec.cat\/ceip-agsantandreu\/wp-json\/wp\/v2\/posts"}],"about":[{"href":"https:\/\/agora.xtec.cat\/ceip-agsantandreu\/wp-json\/wp\/v2\/types\/post"}],"author":[{"embeddable":true,"href":"https:\/\/agora.xtec.cat\/ceip-agsantandreu\/wp-json\/wp\/v2\/users\/3"}],"replies":[{"embeddable":true,"href":"https:\/\/agora.xtec.cat\/ceip-agsantandreu\/wp-json\/wp\/v2\/comments?post=5524"}],"version-history":[{"count":3,"href":"https:\/\/agora.xtec.cat\/ceip-agsantandreu\/wp-json\/wp\/v2\/posts\/5524\/revisions"}],"predecessor-version":[{"id":5528,"href":"https:\/\/agora.xtec.cat\/ceip-agsantandreu\/wp-json\/wp\/v2\/posts\/5524\/revisions\/5528"}],"wp:featuredmedia":[{"embeddable":true,"href":"https:\/\/agora.xtec.cat\/ceip-agsantandreu\/wp-json\/wp\/v2\/media\/5525"}],"wp:attachment":[{"href":"https:\/\/agora.xtec.cat\/ceip-agsantandreu\/wp-json\/wp\/v2\/media?parent=5524"}],"wp:term":[{"taxonomy":"category","embeddable":true,"href":"https:\/\/agora.xtec.cat\/ceip-agsantandreu\/wp-json\/wp\/v2\/categories?post=5524"},{"taxonomy":"post_tag","embeddable":true,"href":"https:\/\/agora.xtec.cat\/ceip-agsantandreu\/wp-json\/wp\/v2\/tags?post=5524"}],"curies":[{"name":"wp","href":"https:\/\/api.w.org\/{rel}","templated":true}]}}