{"id":5456,"date":"2021-06-10T11:19:04","date_gmt":"2021-06-10T09:19:04","guid":{"rendered":"https:\/\/agora.xtec.cat\/ceip-agsantandreu\/?p=5456"},"modified":"2021-06-10T11:19:04","modified_gmt":"2021-06-10T09:19:04","slug":"6e-hem-anat-a-practicar-lhumor-amarillo-a-can-juliana","status":"publish","type":"post","link":"https:\/\/agora.xtec.cat\/ceip-agsantandreu\/general\/6e-hem-anat-a-practicar-lhumor-amarillo-a-can-juliana\/","title":{"rendered":"6\u00e8 hem anat a practicar l'&#8221;HUMOR AMARILLO&#8221; a Can Juliana"},"content":{"rendered":"<p>El passat divendres, 4 de juny, 6\u00e8A i 6\u00e8B vam visitar les instal\u00b7lacions de <strong>\u201cCan Juliana\u201d<\/strong> (Castellar de Vall\u00e8s) per tal de fer una sortida l\u00fadica que ens serv\u00eds com a cloenda del curs i de l\u2019etapa de prim\u00e0ria.<\/p>\n<p>Vam participar en una activitat anomenada <strong>\u201cGimcana Boom\u201d <\/strong>en la qual vam realitzar diverses proves del tipus \u201chumor amarillo\u201d que ens van fer riure i, alhora, ens van posar a prova la nostra valentia i les nostres capacitats f\u00edsiques.<\/p>\n<p>Val a dir que vam gaudir molt d&#8217;aquesta activitat i que tots junts vam passar un dia genial.<\/p>\n<p><a href=\"https:\/\/photos.app.goo.gl\/aMbFDq3DJEiDFX9e9\">Feu click aqu\u00ed per veure les fotografies.<\/a><\/p>\n<p><a href=\"https:\/\/agora.xtec.cat\/ceip-agsantandreu\/wp-content\/uploads\/usu37\/2021\/06\/IMG_20210604_125348-1024x768.jpg\"><img loading=\"lazy\" decoding=\"async\" class=\"alignleft size-medium wp-image-5457\" src=\"https:\/\/agora.xtec.cat\/ceip-agsantandreu\/wp-content\/uploads\/usu37\/2021\/06\/IMG_20210604_125348-1024x768-300x225.jpg\" alt=\"\" width=\"300\" height=\"225\" srcset=\"https:\/\/agora.xtec.cat\/ceip-agsantandreu\/wp-content\/uploads\/usu37\/2021\/06\/IMG_20210604_125348-1024x768-300x225.jpg 300w, https:\/\/agora.xtec.cat\/ceip-agsantandreu\/wp-content\/uploads\/usu37\/2021\/06\/IMG_20210604_125348-1024x768-768x576.jpg 768w, https:\/\/agora.xtec.cat\/ceip-agsantandreu\/wp-content\/uploads\/usu37\/2021\/06\/IMG_20210604_125348-1024x768.jpg 1024w, https:\/\/agora.xtec.cat\/ceip-agsantandreu\/wp-content\/uploads\/usu37\/2021\/06\/IMG_20210604_125348-1024x768-200x150.jpg 200w\" sizes=\"auto, (max-width: 300px) 100vw, 300px\" \/><\/a><\/p>\n","protected":false},"excerpt":{"rendered":"<p>El passat divendres, 4 de juny, 6\u00e8A i 6\u00e8B vam visitar les instal\u00b7lacions de \u201cCan Juliana\u201d (Castellar de Vall\u00e8s) per tal de fer una sortida l\u00fadica que ens serv\u00eds com a cloenda del curs i de l\u2019etapa de prim\u00e0ria.<br \/>\nVam participar en una activitat anomenada \u201cGimcana&hellip;  <a href=\"https:\/\/agora.xtec.cat\/ceip-agsantandreu\/general\/6e-hem-anat-a-practicar-lhumor-amarillo-a-can-juliana\/\" title=\"Read 6\u00e8 hem anat a practicar l'&#8221;HUMOR AMARILLO&#8221; a Can Juliana\">Llegeix m\u00e9s\u00bb<\/a><\/p>\n","protected":false},"author":3,"featured_media":5457,"comment_status":"open","ping_status":"closed","sticky":false,"template":"","format":"standard","meta":{"_bbp_topic_count":0,"_bbp_reply_count":0,"_bbp_total_topic_count":0,"_bbp_total_reply_count":0,"_bbp_voice_count":0,"_bbp_anonymous_reply_count":0,"_bbp_topic_count_hidden":0,"_bbp_reply_count_hidden":0,"_bbp_forum_subforum_count":0,"footnotes":""},"categories":[59,1,4],"tags":[],"class_list":["post-5456","post","type-post","status-publish","format-standard","has-post-thumbnail","hentry","category-grans","category-general","category-portada"],"post_mailing_queue_ids":[],"_links":{"self":[{"href":"https:\/\/agora.xtec.cat\/ceip-agsantandreu\/wp-json\/wp\/v2\/posts\/5456","targetHints":{"allow":["GET"]}}],"collection":[{"href":"https:\/\/agora.xtec.cat\/ceip-agsantandreu\/wp-json\/wp\/v2\/posts"}],"about":[{"href":"https:\/\/agora.xtec.cat\/ceip-agsantandreu\/wp-json\/wp\/v2\/types\/post"}],"author":[{"embeddable":true,"href":"https:\/\/agora.xtec.cat\/ceip-agsantandreu\/wp-json\/wp\/v2\/users\/3"}],"replies":[{"embeddable":true,"href":"https:\/\/agora.xtec.cat\/ceip-agsantandreu\/wp-json\/wp\/v2\/comments?post=5456"}],"version-history":[{"count":1,"href":"https:\/\/agora.xtec.cat\/ceip-agsantandreu\/wp-json\/wp\/v2\/posts\/5456\/revisions"}],"predecessor-version":[{"id":5458,"href":"https:\/\/agora.xtec.cat\/ceip-agsantandreu\/wp-json\/wp\/v2\/posts\/5456\/revisions\/5458"}],"wp:featuredmedia":[{"embeddable":true,"href":"https:\/\/agora.xtec.cat\/ceip-agsantandreu\/wp-json\/wp\/v2\/media\/5457"}],"wp:attachment":[{"href":"https:\/\/agora.xtec.cat\/ceip-agsantandreu\/wp-json\/wp\/v2\/media?parent=5456"}],"wp:term":[{"taxonomy":"category","embeddable":true,"href":"https:\/\/agora.xtec.cat\/ceip-agsantandreu\/wp-json\/wp\/v2\/categories?post=5456"},{"taxonomy":"post_tag","embeddable":true,"href":"https:\/\/agora.xtec.cat\/ceip-agsantandreu\/wp-json\/wp\/v2\/tags?post=5456"}],"curies":[{"name":"wp","href":"https:\/\/api.w.org\/{rel}","templated":true}]}}