{"id":5392,"date":"2021-05-31T12:23:01","date_gmt":"2021-05-31T10:23:01","guid":{"rendered":"https:\/\/agora.xtec.cat\/ceip-agsantandreu\/?p=5392"},"modified":"2021-06-01T20:03:14","modified_gmt":"2021-06-01T18:03:14","slug":"p3-sortida-a-la-granja","status":"publish","type":"post","link":"https:\/\/agora.xtec.cat\/ceip-agsantandreu\/general\/p3-sortida-a-la-granja\/","title":{"rendered":"P3 Sortida a la Granja"},"content":{"rendered":"<p><em><strong>Els nens i nenes de P3 hem anat a la Granja!!!<\/strong><\/em><\/p>\n<p>Ens ho hem passat genial! Hem apr\u00e8s moltes coses dels nostres amics els animals dom\u00e8stics. Els hem observat, tocat i fins i tot hem muntat a cavall. Hem estat una colla de valents i tothom s&#8217;hi ha atrevit!\u00a0 Tamb\u00e9 hem comprovat quin era el mitj\u00e0 de transport terrestre quan no hi havia cotxes, i l&#8217;hem provat!!! Ha estat un dia fant\u00e0stic i rod\u00f3, ple de noves experi\u00e8ncies. Ja estem preparats per a properes sortides. Ens hem fet grans. Prova superada!<\/p>\n<p>Aqu\u00ed teniu una bona colla de fotografies&#8230;no us les podeu perdre!<\/p>\n<p><a href=\"https:\/\/photos.app.goo.gl\/YxqeaU1bQyJorpML7\"><img loading=\"lazy\" decoding=\"async\" class=\"alignleft size-medium wp-image-5393\" src=\"https:\/\/agora.xtec.cat\/ceip-agsantandreu\/wp-content\/uploads\/usu37\/2021\/05\/IMG-20210525-WA0127-300x169.jpg\" alt=\"\" width=\"300\" height=\"169\" srcset=\"https:\/\/agora.xtec.cat\/ceip-agsantandreu\/wp-content\/uploads\/usu37\/2021\/05\/IMG-20210525-WA0127-300x169.jpg 300w, https:\/\/agora.xtec.cat\/ceip-agsantandreu\/wp-content\/uploads\/usu37\/2021\/05\/IMG-20210525-WA0127-768x432.jpg 768w, https:\/\/agora.xtec.cat\/ceip-agsantandreu\/wp-content\/uploads\/usu37\/2021\/05\/IMG-20210525-WA0127-1024x576.jpg 1024w, https:\/\/agora.xtec.cat\/ceip-agsantandreu\/wp-content\/uploads\/usu37\/2021\/05\/IMG-20210525-WA0127.jpg 1599w\" sizes=\"auto, (max-width: 300px) 100vw, 300px\" \/><\/a><\/p>\n","protected":false},"excerpt":{"rendered":"<p>Els nens i nenes de P3 hem anat a la Granja!!!<br \/>\nEns ho hem passat genial! Hem apr\u00e8s moltes coses dels nostres amics els animals dom\u00e8stics. Els hem observat, tocat i fins i tot hem muntat a cavall. Hem estat una colla de valents i tothom&hellip;  <a href=\"https:\/\/agora.xtec.cat\/ceip-agsantandreu\/general\/p3-sortida-a-la-granja\/\" title=\"Read P3 Sortida a la Granja\">Llegeix m\u00e9s\u00bb<\/a><\/p>\n","protected":false},"author":3,"featured_media":5393,"comment_status":"open","ping_status":"closed","sticky":false,"template":"","format":"standard","meta":{"_bbp_topic_count":0,"_bbp_reply_count":0,"_bbp_total_topic_count":0,"_bbp_total_reply_count":0,"_bbp_voice_count":0,"_bbp_anonymous_reply_count":0,"_bbp_topic_count_hidden":0,"_bbp_reply_count_hidden":0,"_bbp_forum_subforum_count":0,"footnotes":""},"categories":[2,1],"tags":[],"class_list":["post-5392","post","type-post","status-publish","format-standard","has-post-thumbnail","hentry","category-petits","category-general"],"post_mailing_queue_ids":[],"_links":{"self":[{"href":"https:\/\/agora.xtec.cat\/ceip-agsantandreu\/wp-json\/wp\/v2\/posts\/5392","targetHints":{"allow":["GET"]}}],"collection":[{"href":"https:\/\/agora.xtec.cat\/ceip-agsantandreu\/wp-json\/wp\/v2\/posts"}],"about":[{"href":"https:\/\/agora.xtec.cat\/ceip-agsantandreu\/wp-json\/wp\/v2\/types\/post"}],"author":[{"embeddable":true,"href":"https:\/\/agora.xtec.cat\/ceip-agsantandreu\/wp-json\/wp\/v2\/users\/3"}],"replies":[{"embeddable":true,"href":"https:\/\/agora.xtec.cat\/ceip-agsantandreu\/wp-json\/wp\/v2\/comments?post=5392"}],"version-history":[{"count":3,"href":"https:\/\/agora.xtec.cat\/ceip-agsantandreu\/wp-json\/wp\/v2\/posts\/5392\/revisions"}],"predecessor-version":[{"id":5401,"href":"https:\/\/agora.xtec.cat\/ceip-agsantandreu\/wp-json\/wp\/v2\/posts\/5392\/revisions\/5401"}],"wp:featuredmedia":[{"embeddable":true,"href":"https:\/\/agora.xtec.cat\/ceip-agsantandreu\/wp-json\/wp\/v2\/media\/5393"}],"wp:attachment":[{"href":"https:\/\/agora.xtec.cat\/ceip-agsantandreu\/wp-json\/wp\/v2\/media?parent=5392"}],"wp:term":[{"taxonomy":"category","embeddable":true,"href":"https:\/\/agora.xtec.cat\/ceip-agsantandreu\/wp-json\/wp\/v2\/categories?post=5392"},{"taxonomy":"post_tag","embeddable":true,"href":"https:\/\/agora.xtec.cat\/ceip-agsantandreu\/wp-json\/wp\/v2\/tags?post=5392"}],"curies":[{"name":"wp","href":"https:\/\/api.w.org\/{rel}","templated":true}]}}