{"id":5302,"date":"2021-05-10T13:47:07","date_gmt":"2021-05-10T11:47:07","guid":{"rendered":"https:\/\/agora.xtec.cat\/ceip-agsantandreu\/?p=5302"},"modified":"2021-11-21T22:37:07","modified_gmt":"2021-11-21T21:37:07","slug":"estrenem-racons-a-p3","status":"publish","type":"post","link":"https:\/\/agora.xtec.cat\/ceip-agsantandreu\/general\/estrenem-racons-a-p3\/","title":{"rendered":"Estrenem racons a P3!!!"},"content":{"rendered":"<p style=\"font-weight: 400;\"><strong>Els racons<\/strong>\u00a0ens permeten organitzar l&#8217;aula en\u00a0<strong>petits grups<\/strong>, cadascun dels quals realitza una tasca determinada i diferent. Poden ser de\u00a0<strong>treball<\/strong>\u00a0o de\u00a0<strong>joc<\/strong>.<\/p>\n<p style=\"font-weight: 400;\">Segons el tipus d&#8217;activitat alguns racons necessiten ser dirigits pel mestre. En d&#8217;altres els nens\/es poden funcionar amb for\u00e7a autonomia.<\/p>\n<p style=\"font-weight: 400;\">Organitzats en grups redu\u00efts, els nens i nenes\u00a0<strong>aprenen a treballar en equip<\/strong>, a col\u00b7laborar i a compartir coneixements. Els racons tamb\u00e9 potencien la seva\u00a0<strong>iniciativa<\/strong>\u00a0i el sentit de la\u00a0<strong>responsabilitat<\/strong>.<\/p>\n<p style=\"font-weight: 400;\">Els\/les mestres portem un control de manera que cada nen\/a vagi passant al llarg d&#8217;un per\u00edode de temps (setmana, quinzena,&#8230;) per tots els diferents racons de treball. Va b\u00e9 que hi hagi m\u00e9s d&#8217;un mestre a l&#8217;aula de manera que cadasc\u00fa s&#8217;encarregui d&#8217;uns racons concrets.<\/p>\n<p style=\"font-weight: 400;\">Treballar per racons ens permet dedicar\u00a0<strong>una atenci\u00f3 m\u00e9s individualitzada<\/strong> a cada nen\/a, planificant activitats d&#8217;aprenentatge adaptades als seus coneixements previs.<\/p>\n<p>Els primers racons que hem posat en funcionament s\u00f3n: el <strong>rac\u00f3 de l&#8217;aigua<\/strong>, on experimentem amb diferents objectes com embuts, comptagotes, xeringues, regadores, etc., el <strong>rac\u00f3 de la ci\u00e8ncia i l&#8217;observaci\u00f3<\/strong>, on treballem els efectes dels imans i el poder de les lupes amb elements de la natura, el <strong>rac\u00f3 de la llum<\/strong>, on juguem amb diferents objectes i la taula de llums i el <strong>rac\u00f3 de discriminar,<\/strong> on treballem la separaci\u00f3 per criteris de color i mida d&#8217;animalets de colors amb l&#8217;ajut d&#8217;unes pinces que ens reforcen la motricitat fina.<\/p>\n<p>Ens ho hem passat pipa i volem repetir com a m\u00ednim un cop per setmana!!!<a href=\"https:\/\/photos.app.goo.gl\/ErQ1D2xXWM3sz6QP7\"><img loading=\"lazy\" decoding=\"async\" class=\"alignleft size-medium wp-image-5305\" src=\"https:\/\/agora.xtec.cat\/ceip-agsantandreu\/wp-content\/uploads\/usu37\/2021\/05\/IMG-20210504-WA00141-300x225.jpg\" alt=\"\" width=\"300\" height=\"225\" srcset=\"https:\/\/agora.xtec.cat\/ceip-agsantandreu\/wp-content\/uploads\/usu37\/2021\/05\/IMG-20210504-WA00141-300x225.jpg 300w, https:\/\/agora.xtec.cat\/ceip-agsantandreu\/wp-content\/uploads\/usu37\/2021\/05\/IMG-20210504-WA00141-768x576.jpg 768w, https:\/\/agora.xtec.cat\/ceip-agsantandreu\/wp-content\/uploads\/usu37\/2021\/05\/IMG-20210504-WA00141-1024x768.jpg 1024w, https:\/\/agora.xtec.cat\/ceip-agsantandreu\/wp-content\/uploads\/usu37\/2021\/05\/IMG-20210504-WA00141-200x150.jpg 200w, https:\/\/agora.xtec.cat\/ceip-agsantandreu\/wp-content\/uploads\/usu37\/2021\/05\/IMG-20210504-WA00141.jpg 1600w\" sizes=\"auto, (max-width: 300px) 100vw, 300px\" \/><\/a><\/p>\n","protected":false},"excerpt":{"rendered":"<p>Els racons\u00a0ens permeten organitzar l&#8217;aula en\u00a0petits grups, cadascun dels quals realitza una tasca determinada i diferent. Poden ser de\u00a0treball\u00a0o de\u00a0joc.<br \/>\nSegons el tipus d&#8217;activitat alguns racons necessiten ser dirigits pel mestre. En d&#8217;altres els nens\/es poden funcionar amb for\u00e7a autonomia.<br \/>\nOrganitzats en grups redu\u00efts, els nens i&hellip;  <a href=\"https:\/\/agora.xtec.cat\/ceip-agsantandreu\/general\/estrenem-racons-a-p3\/\" title=\"Read Estrenem racons a P3!!!\">Llegeix m\u00e9s\u00bb<\/a><\/p>\n","protected":false},"author":3,"featured_media":5305,"comment_status":"closed","ping_status":"closed","sticky":false,"template":"","format":"standard","meta":{"_bbp_topic_count":0,"_bbp_reply_count":0,"_bbp_total_topic_count":0,"_bbp_total_reply_count":0,"_bbp_voice_count":0,"_bbp_anonymous_reply_count":0,"_bbp_topic_count_hidden":0,"_bbp_reply_count_hidden":0,"_bbp_forum_subforum_count":0,"footnotes":""},"categories":[2,1],"tags":[],"class_list":["post-5302","post","type-post","status-publish","format-standard","has-post-thumbnail","hentry","category-petits","category-general"],"post_mailing_queue_ids":[],"_links":{"self":[{"href":"https:\/\/agora.xtec.cat\/ceip-agsantandreu\/wp-json\/wp\/v2\/posts\/5302","targetHints":{"allow":["GET"]}}],"collection":[{"href":"https:\/\/agora.xtec.cat\/ceip-agsantandreu\/wp-json\/wp\/v2\/posts"}],"about":[{"href":"https:\/\/agora.xtec.cat\/ceip-agsantandreu\/wp-json\/wp\/v2\/types\/post"}],"author":[{"embeddable":true,"href":"https:\/\/agora.xtec.cat\/ceip-agsantandreu\/wp-json\/wp\/v2\/users\/3"}],"replies":[{"embeddable":true,"href":"https:\/\/agora.xtec.cat\/ceip-agsantandreu\/wp-json\/wp\/v2\/comments?post=5302"}],"version-history":[{"count":2,"href":"https:\/\/agora.xtec.cat\/ceip-agsantandreu\/wp-json\/wp\/v2\/posts\/5302\/revisions"}],"predecessor-version":[{"id":5308,"href":"https:\/\/agora.xtec.cat\/ceip-agsantandreu\/wp-json\/wp\/v2\/posts\/5302\/revisions\/5308"}],"wp:featuredmedia":[{"embeddable":true,"href":"https:\/\/agora.xtec.cat\/ceip-agsantandreu\/wp-json\/wp\/v2\/media\/5305"}],"wp:attachment":[{"href":"https:\/\/agora.xtec.cat\/ceip-agsantandreu\/wp-json\/wp\/v2\/media?parent=5302"}],"wp:term":[{"taxonomy":"category","embeddable":true,"href":"https:\/\/agora.xtec.cat\/ceip-agsantandreu\/wp-json\/wp\/v2\/categories?post=5302"},{"taxonomy":"post_tag","embeddable":true,"href":"https:\/\/agora.xtec.cat\/ceip-agsantandreu\/wp-json\/wp\/v2\/tags?post=5302"}],"curies":[{"name":"wp","href":"https:\/\/api.w.org\/{rel}","templated":true}]}}