{"id":5194,"date":"2021-05-07T10:30:43","date_gmt":"2021-05-07T08:30:43","guid":{"rendered":"https:\/\/agora.xtec.cat\/ceip-agsantandreu\/?p=5194"},"modified":"2021-05-07T12:32:19","modified_gmt":"2021-05-07T10:32:19","slug":"llistat-del-barem-provisional-de-les-preinscripcions-per-al-curs-2021-22","status":"publish","type":"post","link":"https:\/\/agora.xtec.cat\/ceip-agsantandreu\/general\/llistat-del-barem-provisional-de-les-preinscripcions-per-al-curs-2021-22\/","title":{"rendered":"Llistat de preinscripcions amb el barem ordenat definitiu per al curs 2021\/22"},"content":{"rendered":"<p>A continuaci\u00f3 adjuntem la &#8220;Llista de les preinscripci\u00f3 amb els barems ordenats i definitius pel curs 2021\/22 d&#8217;Educaci\u00f3 Infantil de segon cicle i Educaci\u00f3 Prim\u00e0ria&#8221;.<br \/>\nAquesta \u00e9s la publicaci\u00f3 de la llista de sol\u00b7licituds que han demanat el centre i l&#8217;ensenyament en primera petici\u00f3.<\/p>\n<p>El nombre en cas d&#8217;empat per Educaci\u00f3 Infantil i Prim\u00e0ria \u00e9s el 69.448<\/p>\n<p><a href=\"https:\/\/drive.google.com\/file\/d\/1_xNY9wwdfAROsR_o2w5LFLl5a60PUsdx\/view?usp=sharing\" target=\"_blank\" rel=\"noopener noreferrer\">Cliqueu aqu\u00ed per veure l&#8217;enlla\u00e7<\/a><\/p>\n<p><a href=\"https:\/\/agora.xtec.cat\/ceip-agsantandreu\/wp-content\/uploads\/usu37\/2021\/04\/Preinsc.Def_.21-22.1.png\"><img loading=\"lazy\" decoding=\"async\" class=\"alignnone size-full wp-image-5276\" src=\"https:\/\/agora.xtec.cat\/ceip-agsantandreu\/wp-content\/uploads\/usu37\/2021\/04\/Preinsc.Def_.21-22.1.png\" alt=\"\" width=\"637\" height=\"823\" srcset=\"https:\/\/agora.xtec.cat\/ceip-agsantandreu\/wp-content\/uploads\/usu37\/2021\/04\/Preinsc.Def_.21-22.1.png 637w, https:\/\/agora.xtec.cat\/ceip-agsantandreu\/wp-content\/uploads\/usu37\/2021\/04\/Preinsc.Def_.21-22.1-232x300.png 232w\" sizes=\"auto, (max-width: 637px) 100vw, 637px\" \/><\/a> <a href=\"https:\/\/agora.xtec.cat\/ceip-agsantandreu\/wp-content\/uploads\/usu37\/2021\/04\/Preinsc.Def_.21-22.2.png\"><img loading=\"lazy\" decoding=\"async\" class=\"alignnone size-large wp-image-5277\" src=\"https:\/\/agora.xtec.cat\/ceip-agsantandreu\/wp-content\/uploads\/usu37\/2021\/04\/Preinsc.Def_.21-22.2.png\" alt=\"\" width=\"639\" height=\"829\" srcset=\"https:\/\/agora.xtec.cat\/ceip-agsantandreu\/wp-content\/uploads\/usu37\/2021\/04\/Preinsc.Def_.21-22.2.png 639w, https:\/\/agora.xtec.cat\/ceip-agsantandreu\/wp-content\/uploads\/usu37\/2021\/04\/Preinsc.Def_.21-22.2-231x300.png 231w\" sizes=\"auto, (max-width: 639px) 100vw, 639px\" \/><\/a> <a href=\"https:\/\/agora.xtec.cat\/ceip-agsantandreu\/wp-content\/uploads\/usu37\/2021\/04\/Preinsc.Def_.21-22.3.png\"><img loading=\"lazy\" decoding=\"async\" class=\"alignnone size-large wp-image-5278\" src=\"https:\/\/agora.xtec.cat\/ceip-agsantandreu\/wp-content\/uploads\/usu37\/2021\/04\/Preinsc.Def_.21-22.3.png\" alt=\"\" width=\"639\" height=\"824\" srcset=\"https:\/\/agora.xtec.cat\/ceip-agsantandreu\/wp-content\/uploads\/usu37\/2021\/04\/Preinsc.Def_.21-22.3.png 639w, https:\/\/agora.xtec.cat\/ceip-agsantandreu\/wp-content\/uploads\/usu37\/2021\/04\/Preinsc.Def_.21-22.3-233x300.png 233w\" sizes=\"auto, (max-width: 639px) 100vw, 639px\" \/><\/a><\/p>\n","protected":false},"excerpt":{"rendered":"<p>A continuaci\u00f3 adjuntem la &#8220;Llista de les preinscripci\u00f3 amb els barems ordenats i definitius pel curs 2021\/22 d&#8217;Educaci\u00f3 Infantil de segon cicle i Educaci\u00f3 Prim\u00e0ria&#8221;.<br \/>\nAquesta \u00e9s la publicaci\u00f3 de la llista de sol\u00b7licituds que han demanat el centre i l&#8217;ensenyament en primera petici\u00f3.<br \/>\nEl nombre en&hellip;  <a href=\"https:\/\/agora.xtec.cat\/ceip-agsantandreu\/general\/llistat-del-barem-provisional-de-les-preinscripcions-per-al-curs-2021-22\/\" title=\"Read Llistat de preinscripcions amb el barem ordenat definitiu per al curs 2021\/22\">Llegeix m\u00e9s\u00bb<\/a><\/p>\n","protected":false},"author":1,"featured_media":0,"comment_status":"closed","ping_status":"closed","sticky":false,"template":"","format":"standard","meta":{"_bbp_topic_count":0,"_bbp_reply_count":0,"_bbp_total_topic_count":0,"_bbp_total_reply_count":0,"_bbp_voice_count":0,"_bbp_anonymous_reply_count":0,"_bbp_topic_count_hidden":0,"_bbp_reply_count_hidden":0,"_bbp_forum_subforum_count":0,"footnotes":""},"categories":[1,4],"tags":[],"class_list":["post-5194","post","type-post","status-publish","format-standard","hentry","category-general","category-portada"],"post_mailing_queue_ids":[],"_links":{"self":[{"href":"https:\/\/agora.xtec.cat\/ceip-agsantandreu\/wp-json\/wp\/v2\/posts\/5194","targetHints":{"allow":["GET"]}}],"collection":[{"href":"https:\/\/agora.xtec.cat\/ceip-agsantandreu\/wp-json\/wp\/v2\/posts"}],"about":[{"href":"https:\/\/agora.xtec.cat\/ceip-agsantandreu\/wp-json\/wp\/v2\/types\/post"}],"author":[{"embeddable":true,"href":"https:\/\/agora.xtec.cat\/ceip-agsantandreu\/wp-json\/wp\/v2\/users\/1"}],"replies":[{"embeddable":true,"href":"https:\/\/agora.xtec.cat\/ceip-agsantandreu\/wp-json\/wp\/v2\/comments?post=5194"}],"version-history":[{"count":3,"href":"https:\/\/agora.xtec.cat\/ceip-agsantandreu\/wp-json\/wp\/v2\/posts\/5194\/revisions"}],"predecessor-version":[{"id":5281,"href":"https:\/\/agora.xtec.cat\/ceip-agsantandreu\/wp-json\/wp\/v2\/posts\/5194\/revisions\/5281"}],"wp:attachment":[{"href":"https:\/\/agora.xtec.cat\/ceip-agsantandreu\/wp-json\/wp\/v2\/media?parent=5194"}],"wp:term":[{"taxonomy":"category","embeddable":true,"href":"https:\/\/agora.xtec.cat\/ceip-agsantandreu\/wp-json\/wp\/v2\/categories?post=5194"},{"taxonomy":"post_tag","embeddable":true,"href":"https:\/\/agora.xtec.cat\/ceip-agsantandreu\/wp-json\/wp\/v2\/tags?post=5194"}],"curies":[{"name":"wp","href":"https:\/\/api.w.org\/{rel}","templated":true}]}}