{"id":5190,"date":"2021-04-19T13:46:44","date_gmt":"2021-04-19T11:46:44","guid":{"rendered":"https:\/\/agora.xtec.cat\/ceip-agsantandreu\/?p=5190"},"modified":"2021-04-23T12:50:44","modified_gmt":"2021-04-23T10:50:44","slug":"p3-sortida-a-can-julia","status":"publish","type":"post","link":"https:\/\/agora.xtec.cat\/ceip-agsantandreu\/general\/p3-sortida-a-can-julia\/","title":{"rendered":"P3 Sortida a Can Juli\u00e0"},"content":{"rendered":"<p>Dijous passat, els nens i nenes de P3 vam anar d\u2019excursi\u00f3 a la masia Can Juli\u00e0 de Sant Esteve Sesrovires. All\u00e0 vam poder experimentar amb fang tot tocant-lo i amassant-lo; estava molt fred i humit! Despr\u00e9s, amb una plantilla, vam fer uns ocells ben bonics i per \u00faltim vam modelar un pot amb el torn, que ja pintarem a l\u2019escola.<\/p>\n<p>Ens ho vam passar d\u2019all\u00f2 m\u00e9s b\u00e9, mireu quines fotos m\u00e9s xules!<\/p>\n<p><a href=\"https:\/\/photos.app.goo.gl\/Bwp7UgrcPUs72MdD8\"><img loading=\"lazy\" decoding=\"async\" class=\"wp-image-5191 size-medium\" src=\"https:\/\/agora.xtec.cat\/ceip-agsantandreu\/wp-content\/uploads\/usu37\/2021\/04\/canjulia-300x225.jpg\" alt=\"\" width=\"300\" height=\"225\" srcset=\"https:\/\/agora.xtec.cat\/ceip-agsantandreu\/wp-content\/uploads\/usu37\/2021\/04\/canjulia-300x225.jpg 300w, https:\/\/agora.xtec.cat\/ceip-agsantandreu\/wp-content\/uploads\/usu37\/2021\/04\/canjulia-768x576.jpg 768w, https:\/\/agora.xtec.cat\/ceip-agsantandreu\/wp-content\/uploads\/usu37\/2021\/04\/canjulia-200x150.jpg 200w, https:\/\/agora.xtec.cat\/ceip-agsantandreu\/wp-content\/uploads\/usu37\/2021\/04\/canjulia.jpg 960w\" sizes=\"auto, (max-width: 300px) 100vw, 300px\" \/><\/a><\/p>\n","protected":false},"excerpt":{"rendered":"<p>Dijous passat, els nens i nenes de P3 vam anar d\u2019excursi\u00f3 a la masia Can Juli\u00e0 de Sant Esteve Sesrovires. All\u00e0 vam poder experimentar amb fang tot tocant-lo i amassant-lo; estava molt fred i humit! Despr\u00e9s, amb una plantilla, vam fer uns ocells ben bonics&hellip;  <a href=\"https:\/\/agora.xtec.cat\/ceip-agsantandreu\/general\/p3-sortida-a-can-julia\/\" title=\"Read P3 Sortida a Can Juli\u00e0\">Llegeix m\u00e9s\u00bb<\/a><\/p>\n","protected":false},"author":3,"featured_media":5191,"comment_status":"open","ping_status":"closed","sticky":false,"template":"","format":"standard","meta":{"_bbp_topic_count":0,"_bbp_reply_count":0,"_bbp_total_topic_count":0,"_bbp_total_reply_count":0,"_bbp_voice_count":0,"_bbp_anonymous_reply_count":0,"_bbp_topic_count_hidden":0,"_bbp_reply_count_hidden":0,"_bbp_forum_subforum_count":0,"footnotes":""},"categories":[2,1],"tags":[],"class_list":["post-5190","post","type-post","status-publish","format-standard","has-post-thumbnail","hentry","category-petits","category-general"],"post_mailing_queue_ids":[],"_links":{"self":[{"href":"https:\/\/agora.xtec.cat\/ceip-agsantandreu\/wp-json\/wp\/v2\/posts\/5190","targetHints":{"allow":["GET"]}}],"collection":[{"href":"https:\/\/agora.xtec.cat\/ceip-agsantandreu\/wp-json\/wp\/v2\/posts"}],"about":[{"href":"https:\/\/agora.xtec.cat\/ceip-agsantandreu\/wp-json\/wp\/v2\/types\/post"}],"author":[{"embeddable":true,"href":"https:\/\/agora.xtec.cat\/ceip-agsantandreu\/wp-json\/wp\/v2\/users\/3"}],"replies":[{"embeddable":true,"href":"https:\/\/agora.xtec.cat\/ceip-agsantandreu\/wp-json\/wp\/v2\/comments?post=5190"}],"version-history":[{"count":2,"href":"https:\/\/agora.xtec.cat\/ceip-agsantandreu\/wp-json\/wp\/v2\/posts\/5190\/revisions"}],"predecessor-version":[{"id":5193,"href":"https:\/\/agora.xtec.cat\/ceip-agsantandreu\/wp-json\/wp\/v2\/posts\/5190\/revisions\/5193"}],"wp:featuredmedia":[{"embeddable":true,"href":"https:\/\/agora.xtec.cat\/ceip-agsantandreu\/wp-json\/wp\/v2\/media\/5191"}],"wp:attachment":[{"href":"https:\/\/agora.xtec.cat\/ceip-agsantandreu\/wp-json\/wp\/v2\/media?parent=5190"}],"wp:term":[{"taxonomy":"category","embeddable":true,"href":"https:\/\/agora.xtec.cat\/ceip-agsantandreu\/wp-json\/wp\/v2\/categories?post=5190"},{"taxonomy":"post_tag","embeddable":true,"href":"https:\/\/agora.xtec.cat\/ceip-agsantandreu\/wp-json\/wp\/v2\/tags?post=5190"}],"curies":[{"name":"wp","href":"https:\/\/api.w.org\/{rel}","templated":true}]}}