{"id":5148,"date":"2021-03-28T12:14:23","date_gmt":"2021-03-28T10:14:23","guid":{"rendered":"https:\/\/agora.xtec.cat\/ceip-agsantandreu\/?p=5148"},"modified":"2021-03-28T12:14:23","modified_gmt":"2021-03-28T10:14:23","slug":"acta-assemblea-socis-i-socies-25-marc-2021","status":"publish","type":"post","link":"https:\/\/agora.xtec.cat\/ceip-agsantandreu\/afa\/acta-assemblea-socis-i-socies-25-marc-2021\/","title":{"rendered":"ACTA ASSEMBLEA SOCIS I S\u00d2CIES, 25 mar\u00e7 2021"},"content":{"rendered":"<p>En el seg\u00fcent enlla\u00e7 trobareu l&#8217;acta de l&#8217;Assemblea realitzada el passat dijous 25 de mar\u00e7 de 2021 a les 18.30h, v\u00eda online amb la plataforma Google Meet.<\/p>\n<p><a href=\"https:\/\/agora.xtec.cat\/ceip-agsantandreu\/wp-content\/uploads\/usu37\/2021\/03\/ASSEMBLEA-25-mar\u00e7-2021-acta.docx\">ASSEMBLEA 25 mar\u00e7 2021 acta<\/a><\/p>\n<p>MOLTES GR\u00c0CIES als assistents, ens hauria agradat tenir la pres\u00e8ncia de m\u00e9s fam\u00edlies ja que aquestes assemblees ens serveixen per donar veu als socis i s\u00f2cies, i pendre decisions importants per a tots i totes. Esperem m\u00e9s participaci\u00f3 en pr\u00f2ximes convocat\u00f2ries.<\/p>\n","protected":false},"excerpt":{"rendered":"<p>En el seg\u00fcent enlla\u00e7 trobareu l&#8217;acta de l&#8217;Assemblea realitzada el passat dijous 25 de mar\u00e7 de 2021 a les 18.30h, v\u00eda online amb la plataforma Google Meet.<br \/>\n<a href=\"https:\/\/agora.xtec.cat\/ceip-agsantandreu\/wp-content\/uploads\/usu37\/2021\/03\/ASSEMBLEA-25-mar\u00e7-2021-acta.docx\">ASSEMBLEA 25 mar\u00e7 2021 acta<\/a><br \/>\nMOLTES GR\u00c0CIES als assistents, ens hauria agradat tenir la pres\u00e8ncia de m\u00e9s fam\u00edlies ja&hellip;  <a href=\"https:\/\/agora.xtec.cat\/ceip-agsantandreu\/afa\/acta-assemblea-socis-i-socies-25-marc-2021\/\" title=\"Read ACTA ASSEMBLEA SOCIS I S\u00d2CIES, 25 mar\u00e7 2021\">Llegeix m\u00e9s\u00bb<\/a><\/p>\n","protected":false},"author":6,"featured_media":0,"comment_status":"closed","ping_status":"closed","sticky":false,"template":"","format":"standard","meta":{"_bbp_topic_count":0,"_bbp_reply_count":0,"_bbp_total_topic_count":0,"_bbp_total_reply_count":0,"_bbp_voice_count":0,"_bbp_anonymous_reply_count":0,"_bbp_topic_count_hidden":0,"_bbp_reply_count_hidden":0,"_bbp_forum_subforum_count":0,"footnotes":""},"categories":[7],"tags":[],"class_list":["post-5148","post","type-post","status-publish","format-standard","hentry","category-afa"],"post_mailing_queue_ids":[],"_links":{"self":[{"href":"https:\/\/agora.xtec.cat\/ceip-agsantandreu\/wp-json\/wp\/v2\/posts\/5148","targetHints":{"allow":["GET"]}}],"collection":[{"href":"https:\/\/agora.xtec.cat\/ceip-agsantandreu\/wp-json\/wp\/v2\/posts"}],"about":[{"href":"https:\/\/agora.xtec.cat\/ceip-agsantandreu\/wp-json\/wp\/v2\/types\/post"}],"author":[{"embeddable":true,"href":"https:\/\/agora.xtec.cat\/ceip-agsantandreu\/wp-json\/wp\/v2\/users\/6"}],"replies":[{"embeddable":true,"href":"https:\/\/agora.xtec.cat\/ceip-agsantandreu\/wp-json\/wp\/v2\/comments?post=5148"}],"version-history":[{"count":2,"href":"https:\/\/agora.xtec.cat\/ceip-agsantandreu\/wp-json\/wp\/v2\/posts\/5148\/revisions"}],"predecessor-version":[{"id":5152,"href":"https:\/\/agora.xtec.cat\/ceip-agsantandreu\/wp-json\/wp\/v2\/posts\/5148\/revisions\/5152"}],"wp:attachment":[{"href":"https:\/\/agora.xtec.cat\/ceip-agsantandreu\/wp-json\/wp\/v2\/media?parent=5148"}],"wp:term":[{"taxonomy":"category","embeddable":true,"href":"https:\/\/agora.xtec.cat\/ceip-agsantandreu\/wp-json\/wp\/v2\/categories?post=5148"},{"taxonomy":"post_tag","embeddable":true,"href":"https:\/\/agora.xtec.cat\/ceip-agsantandreu\/wp-json\/wp\/v2\/tags?post=5148"}],"curies":[{"name":"wp","href":"https:\/\/api.w.org\/{rel}","templated":true}]}}