{"id":4944,"date":"2021-02-19T02:00:53","date_gmt":"2021-02-19T01:00:53","guid":{"rendered":"https:\/\/agora.xtec.cat\/ceip-agsantandreu\/?p=4944"},"modified":"2021-02-19T02:00:53","modified_gmt":"2021-02-19T01:00:53","slug":"portamascaretes","status":"publish","type":"post","link":"https:\/\/agora.xtec.cat\/ceip-agsantandreu\/afa\/portamascaretes\/","title":{"rendered":"PORTAMASCARETES"},"content":{"rendered":"<p>Des de l&#8217;AMPA\u00a0 vam pensar en tenir un detall amb totes aquelles fam\u00edlies s\u00f2cies aix\u00ed que r\u00e0pidamente el nostre cap va comen\u00e7ar a voltar.. per\u00f2 que podr\u00eden necessitar els nens i nenes?? Doncs un Portamascareta!! que malauradament s&#8217;han convertit en un complement important ens aquest temps que vivim.<\/p>\n<p>La gran majoria de vosaltres ja l&#8217;ha recollit per\u00f2 si encara no has pogut fer-ho, el tenim guardat! Poseu-vos en contacte v\u00eda mail o per tel\u00e8fon\u00a0 (recordem que l&#8217;atenci\u00f3 presencial continua tancada).<\/p>\n<p>Mail: ampaguimera1@gmail.com<\/p>\n<p>Tel\u00e8fon i whatsapp: 693.85.19.58<\/p>\n<p>MOLTES GR\u00c0CIES<\/p>\n","protected":false},"excerpt":{"rendered":"<p>Des de l&#8217;AMPA\u00a0 vam pensar en tenir un detall amb totes aquelles fam\u00edlies s\u00f2cies aix\u00ed que r\u00e0pidamente el nostre cap va comen\u00e7ar a voltar.. per\u00f2 que podr\u00eden necessitar els nens i nenes?? Doncs un Portamascareta!! que malauradament s&#8217;han convertit en un complement important ens aquest&hellip;  <a href=\"https:\/\/agora.xtec.cat\/ceip-agsantandreu\/afa\/portamascaretes\/\" title=\"Read PORTAMASCARETES\">Llegeix m\u00e9s\u00bb<\/a><\/p>\n","protected":false},"author":6,"featured_media":4945,"comment_status":"closed","ping_status":"closed","sticky":false,"template":"","format":"standard","meta":{"_bbp_topic_count":0,"_bbp_reply_count":0,"_bbp_total_topic_count":0,"_bbp_total_reply_count":0,"_bbp_voice_count":0,"_bbp_anonymous_reply_count":0,"_bbp_topic_count_hidden":0,"_bbp_reply_count_hidden":0,"_bbp_forum_subforum_count":0,"footnotes":""},"categories":[7],"tags":[],"class_list":["post-4944","post","type-post","status-publish","format-standard","has-post-thumbnail","hentry","category-afa"],"post_mailing_queue_ids":[],"_links":{"self":[{"href":"https:\/\/agora.xtec.cat\/ceip-agsantandreu\/wp-json\/wp\/v2\/posts\/4944","targetHints":{"allow":["GET"]}}],"collection":[{"href":"https:\/\/agora.xtec.cat\/ceip-agsantandreu\/wp-json\/wp\/v2\/posts"}],"about":[{"href":"https:\/\/agora.xtec.cat\/ceip-agsantandreu\/wp-json\/wp\/v2\/types\/post"}],"author":[{"embeddable":true,"href":"https:\/\/agora.xtec.cat\/ceip-agsantandreu\/wp-json\/wp\/v2\/users\/6"}],"replies":[{"embeddable":true,"href":"https:\/\/agora.xtec.cat\/ceip-agsantandreu\/wp-json\/wp\/v2\/comments?post=4944"}],"version-history":[{"count":3,"href":"https:\/\/agora.xtec.cat\/ceip-agsantandreu\/wp-json\/wp\/v2\/posts\/4944\/revisions"}],"predecessor-version":[{"id":4948,"href":"https:\/\/agora.xtec.cat\/ceip-agsantandreu\/wp-json\/wp\/v2\/posts\/4944\/revisions\/4948"}],"wp:featuredmedia":[{"embeddable":true,"href":"https:\/\/agora.xtec.cat\/ceip-agsantandreu\/wp-json\/wp\/v2\/media\/4945"}],"wp:attachment":[{"href":"https:\/\/agora.xtec.cat\/ceip-agsantandreu\/wp-json\/wp\/v2\/media?parent=4944"}],"wp:term":[{"taxonomy":"category","embeddable":true,"href":"https:\/\/agora.xtec.cat\/ceip-agsantandreu\/wp-json\/wp\/v2\/categories?post=4944"},{"taxonomy":"post_tag","embeddable":true,"href":"https:\/\/agora.xtec.cat\/ceip-agsantandreu\/wp-json\/wp\/v2\/tags?post=4944"}],"curies":[{"name":"wp","href":"https:\/\/api.w.org\/{rel}","templated":true}]}}