{"id":4621,"date":"2020-12-21T11:56:23","date_gmt":"2020-12-21T10:56:23","guid":{"rendered":"https:\/\/agora.xtec.cat\/ceip-agsantandreu\/?p=4621"},"modified":"2020-12-21T11:56:23","modified_gmt":"2020-12-21T10:56:23","slug":"el-treball-daquest-nadal","status":"publish","type":"post","link":"https:\/\/agora.xtec.cat\/ceip-agsantandreu\/general\/el-treball-daquest-nadal\/","title":{"rendered":"EL TREBALL D&#8217;AQUEST NADAL"},"content":{"rendered":"<p>Donem per finalitzat aquest trimestre amb una mostra de tot el que ha estat la preparaci\u00f3 d&#8217;aquest Nadal. Unes festes que seran molt diferents i per aquest motiu des de l&#8217;escola hem posat tot l&#8217;esfor\u00e7 per mantenir intacte la il\u00b7lusi\u00f3 del nostre alumnat.<\/p>\n<p>Volem agrair la seva dedicaci\u00f3 als mestres, als alumnes, a les fam\u00edlies i a l&#8217;AMPA. Aqu\u00ed us adjuntem un enlla\u00e7 per veure tot el treball d&#8217;aquests dies.<\/p>\n<p><a href=\"https:\/\/photos.app.goo.gl\/u3PP1JAkwH9j5fV18\" target=\"_blank\" rel=\"noopener noreferrer\"><img loading=\"lazy\" decoding=\"async\" class=\"aligncenter wp-image-4627 size-large\" src=\"https:\/\/agora.xtec.cat\/ceip-agsantandreu\/wp-content\/uploads\/usu37\/2020\/12\/Portada-Carrusel-1024x545.png\" alt=\"\" width=\"1024\" height=\"545\" srcset=\"https:\/\/agora.xtec.cat\/ceip-agsantandreu\/wp-content\/uploads\/usu37\/2020\/12\/Portada-Carrusel-1024x545.png 1024w, https:\/\/agora.xtec.cat\/ceip-agsantandreu\/wp-content\/uploads\/usu37\/2020\/12\/Portada-Carrusel-300x160.png 300w, https:\/\/agora.xtec.cat\/ceip-agsantandreu\/wp-content\/uploads\/usu37\/2020\/12\/Portada-Carrusel-768x409.png 768w, https:\/\/agora.xtec.cat\/ceip-agsantandreu\/wp-content\/uploads\/usu37\/2020\/12\/Portada-Carrusel.png 1667w\" sizes=\"auto, (max-width: 1024px) 100vw, 1024px\" \/><\/a><\/p>\n<p><a href=\"https:\/\/photos.app.goo.gl\/u3PP1JAkwH9j5fV18\" target=\"_blank\" rel=\"noopener noreferrer\">V\u00eddeo carrusel de Nadal<\/a><\/p>\n","protected":false},"excerpt":{"rendered":"<p>Donem per finalitzat aquest trimestre amb una mostra de tot el que ha estat la preparaci\u00f3 d&#8217;aquest Nadal. Unes festes que seran molt diferents i per aquest motiu des de l&#8217;escola hem posat tot l&#8217;esfor\u00e7 per mantenir intacte la il\u00b7lusi\u00f3 del nostre alumnat.<br \/>\nVolem agrair la&hellip;  <a href=\"https:\/\/agora.xtec.cat\/ceip-agsantandreu\/general\/el-treball-daquest-nadal\/\" title=\"Read EL TREBALL D&#8217;AQUEST NADAL\">Llegeix m\u00e9s\u00bb<\/a><\/p>\n","protected":false},"author":1,"featured_media":0,"comment_status":"closed","ping_status":"closed","sticky":false,"template":"","format":"standard","meta":{"_bbp_topic_count":0,"_bbp_reply_count":0,"_bbp_total_topic_count":0,"_bbp_total_reply_count":0,"_bbp_voice_count":0,"_bbp_anonymous_reply_count":0,"_bbp_topic_count_hidden":0,"_bbp_reply_count_hidden":0,"_bbp_forum_subforum_count":0,"footnotes":""},"categories":[1,4],"tags":[],"class_list":["post-4621","post","type-post","status-publish","format-standard","hentry","category-general","category-portada"],"post_mailing_queue_ids":[],"_links":{"self":[{"href":"https:\/\/agora.xtec.cat\/ceip-agsantandreu\/wp-json\/wp\/v2\/posts\/4621","targetHints":{"allow":["GET"]}}],"collection":[{"href":"https:\/\/agora.xtec.cat\/ceip-agsantandreu\/wp-json\/wp\/v2\/posts"}],"about":[{"href":"https:\/\/agora.xtec.cat\/ceip-agsantandreu\/wp-json\/wp\/v2\/types\/post"}],"author":[{"embeddable":true,"href":"https:\/\/agora.xtec.cat\/ceip-agsantandreu\/wp-json\/wp\/v2\/users\/1"}],"replies":[{"embeddable":true,"href":"https:\/\/agora.xtec.cat\/ceip-agsantandreu\/wp-json\/wp\/v2\/comments?post=4621"}],"version-history":[{"count":4,"href":"https:\/\/agora.xtec.cat\/ceip-agsantandreu\/wp-json\/wp\/v2\/posts\/4621\/revisions"}],"predecessor-version":[{"id":4631,"href":"https:\/\/agora.xtec.cat\/ceip-agsantandreu\/wp-json\/wp\/v2\/posts\/4621\/revisions\/4631"}],"wp:attachment":[{"href":"https:\/\/agora.xtec.cat\/ceip-agsantandreu\/wp-json\/wp\/v2\/media?parent=4621"}],"wp:term":[{"taxonomy":"category","embeddable":true,"href":"https:\/\/agora.xtec.cat\/ceip-agsantandreu\/wp-json\/wp\/v2\/categories?post=4621"},{"taxonomy":"post_tag","embeddable":true,"href":"https:\/\/agora.xtec.cat\/ceip-agsantandreu\/wp-json\/wp\/v2\/tags?post=4621"}],"curies":[{"name":"wp","href":"https:\/\/api.w.org\/{rel}","templated":true}]}}