{"id":4582,"date":"2020-12-21T13:24:10","date_gmt":"2020-12-21T12:24:10","guid":{"rendered":"https:\/\/agora.xtec.cat\/ceip-agsantandreu\/?p=4582"},"modified":"2020-12-21T13:24:10","modified_gmt":"2020-12-21T12:24:10","slug":"nadal-a-educacio-infantil-2","status":"publish","type":"post","link":"https:\/\/agora.xtec.cat\/ceip-agsantandreu\/general\/nadal-a-educacio-infantil-2\/","title":{"rendered":"NADAL A EDUCACI\u00d3 INFANTIL"},"content":{"rendered":"<p>Avui s&#8217;acaba el trimestre, aquest any no hem pogut celebrar-ho tots plegats per\u00f2 ho hem fet per classes i tamb\u00e9 ho hem passat molt b\u00e9.<\/p>\n<p>Hem fet cagar el nostre ti\u00f3, les cuineres ens han preparat una xocolatada bon\u00edssima per esmorzar, hem gaudit mirant a la PDI les Nadales dels altres nens i nenes de l&#8217;escola i hem lliurat la carta de Reis al Carter Reial que ens ha vingut a visitar.<\/p>\n<p>Si voleu veure les <strong>fotos<\/strong> d&#8217;aquestes activitats <strong>cliqueu a sobre d&#8217;aquestes imatges<\/strong>:<\/p>\n<p><a href=\"https:\/\/photos.app.goo.gl\/qzUxNu6S9rZTCc9V6\"><img loading=\"lazy\" decoding=\"async\" class=\" wp-image-4593 alignleft\" src=\"https:\/\/agora.xtec.cat\/ceip-agsantandreu\/wp-content\/uploads\/usu37\/2020\/12\/Caga-ti\u00f3.jpg\" alt=\"\" width=\"258\" height=\"205\" srcset=\"https:\/\/agora.xtec.cat\/ceip-agsantandreu\/wp-content\/uploads\/usu37\/2020\/12\/Caga-ti\u00f3.jpg 423w, https:\/\/agora.xtec.cat\/ceip-agsantandreu\/wp-content\/uploads\/usu37\/2020\/12\/Caga-ti\u00f3-300x238.jpg 300w\" sizes=\"auto, (max-width: 258px) 100vw, 258px\" \/><\/a><a href=\"https:\/\/photos.app.goo.gl\/rVWKQ4v56eNE5eZA7\"><img loading=\"lazy\" decoding=\"async\" class=\" wp-image-4598 alignleft\" src=\"https:\/\/agora.xtec.cat\/ceip-agsantandreu\/wp-content\/uploads\/usu37\/2020\/12\/xocolata..jpg\" alt=\"\" width=\"151\" height=\"204\" srcset=\"https:\/\/agora.xtec.cat\/ceip-agsantandreu\/wp-content\/uploads\/usu37\/2020\/12\/xocolata..jpg 263w, https:\/\/agora.xtec.cat\/ceip-agsantandreu\/wp-content\/uploads\/usu37\/2020\/12\/xocolata.-222x300.jpg 222w\" sizes=\"auto, (max-width: 151px) 100vw, 151px\" \/><\/a><a href=\"https:\/\/photos.app.goo.gl\/6hHFTzbBV5WCyAF86\"><img loading=\"lazy\" decoding=\"async\" class=\"wp-image-4656 alignleft\" src=\"https:\/\/agora.xtec.cat\/ceip-agsantandreu\/wp-content\/uploads\/usu37\/2020\/12\/CARTER.jpg\" alt=\"\" width=\"121\" height=\"215\" srcset=\"https:\/\/agora.xtec.cat\/ceip-agsantandreu\/wp-content\/uploads\/usu37\/2020\/12\/CARTER.jpg 338w, https:\/\/agora.xtec.cat\/ceip-agsantandreu\/wp-content\/uploads\/usu37\/2020\/12\/CARTER-169x300.jpg 169w\" sizes=\"auto, (max-width: 121px) 100vw, 121px\" \/><\/a><\/p>\n<p>&nbsp;<\/p>\n","protected":false},"excerpt":{"rendered":"<p>Avui s&#8217;acaba el trimestre, aquest any no hem pogut celebrar-ho tots plegats per\u00f2 ho hem fet per classes i tamb\u00e9 ho hem passat molt b\u00e9.<br \/>\nHem fet cagar el nostre ti\u00f3, les cuineres ens han preparat una xocolatada bon\u00edssima per esmorzar, hem gaudit mirant a la&hellip;  <a href=\"https:\/\/agora.xtec.cat\/ceip-agsantandreu\/general\/nadal-a-educacio-infantil-2\/\" title=\"Read NADAL A EDUCACI\u00d3 INFANTIL\">Llegeix m\u00e9s\u00bb<\/a><\/p>\n","protected":false},"author":3,"featured_media":0,"comment_status":"closed","ping_status":"closed","sticky":false,"template":"","format":"standard","meta":{"_bbp_topic_count":0,"_bbp_reply_count":0,"_bbp_total_topic_count":0,"_bbp_total_reply_count":0,"_bbp_voice_count":0,"_bbp_anonymous_reply_count":0,"_bbp_topic_count_hidden":0,"_bbp_reply_count_hidden":0,"_bbp_forum_subforum_count":0,"footnotes":""},"categories":[2,1,4],"tags":[],"class_list":["post-4582","post","type-post","status-publish","format-standard","hentry","category-petits","category-general","category-portada"],"post_mailing_queue_ids":[],"_links":{"self":[{"href":"https:\/\/agora.xtec.cat\/ceip-agsantandreu\/wp-json\/wp\/v2\/posts\/4582","targetHints":{"allow":["GET"]}}],"collection":[{"href":"https:\/\/agora.xtec.cat\/ceip-agsantandreu\/wp-json\/wp\/v2\/posts"}],"about":[{"href":"https:\/\/agora.xtec.cat\/ceip-agsantandreu\/wp-json\/wp\/v2\/types\/post"}],"author":[{"embeddable":true,"href":"https:\/\/agora.xtec.cat\/ceip-agsantandreu\/wp-json\/wp\/v2\/users\/3"}],"replies":[{"embeddable":true,"href":"https:\/\/agora.xtec.cat\/ceip-agsantandreu\/wp-json\/wp\/v2\/comments?post=4582"}],"version-history":[{"count":3,"href":"https:\/\/agora.xtec.cat\/ceip-agsantandreu\/wp-json\/wp\/v2\/posts\/4582\/revisions"}],"predecessor-version":[{"id":4677,"href":"https:\/\/agora.xtec.cat\/ceip-agsantandreu\/wp-json\/wp\/v2\/posts\/4582\/revisions\/4677"}],"wp:attachment":[{"href":"https:\/\/agora.xtec.cat\/ceip-agsantandreu\/wp-json\/wp\/v2\/media?parent=4582"}],"wp:term":[{"taxonomy":"category","embeddable":true,"href":"https:\/\/agora.xtec.cat\/ceip-agsantandreu\/wp-json\/wp\/v2\/categories?post=4582"},{"taxonomy":"post_tag","embeddable":true,"href":"https:\/\/agora.xtec.cat\/ceip-agsantandreu\/wp-json\/wp\/v2\/tags?post=4582"}],"curies":[{"name":"wp","href":"https:\/\/api.w.org\/{rel}","templated":true}]}}