{"id":4469,"date":"2020-12-11T15:58:39","date_gmt":"2020-12-11T14:58:39","guid":{"rendered":"https:\/\/agora.xtec.cat\/ceip-agsantandreu\/?p=4469"},"modified":"2020-12-11T15:58:54","modified_gmt":"2020-12-11T14:58:54","slug":"hem-anat-a-buscar-el-tio","status":"publish","type":"post","link":"https:\/\/agora.xtec.cat\/ceip-agsantandreu\/general\/hem-anat-a-buscar-el-tio\/","title":{"rendered":"Hem anat a buscar el TI\u00d3"},"content":{"rendered":"<p><a href=\"https:\/\/agora.xtec.cat\/ceip-agsantandreu\/wp-content\/uploads\/usu37\/2020\/12\/Tions-2020-3-1.jpg\"><img loading=\"lazy\" decoding=\"async\" class=\" wp-image-4485 alignleft\" src=\"https:\/\/agora.xtec.cat\/ceip-agsantandreu\/wp-content\/uploads\/usu37\/2020\/12\/Tions-2020-3-1.jpg\" alt=\"\" width=\"337\" height=\"277\" srcset=\"https:\/\/agora.xtec.cat\/ceip-agsantandreu\/wp-content\/uploads\/usu37\/2020\/12\/Tions-2020-3-1.jpg 490w, https:\/\/agora.xtec.cat\/ceip-agsantandreu\/wp-content\/uploads\/usu37\/2020\/12\/Tions-2020-3-1-300x247.jpg 300w\" sizes=\"auto, (max-width: 337px) 100vw, 337px\" \/><\/a>El 9 de desembre al mat\u00ed, tots els nens i les nenes d&#8217;Educaci\u00f3 Infantil hem anat a la muntanya de l&#8217;escola a buscar el ti\u00f3!!!<\/p>\n<p>SORPRESA!!!!!\u00a0 Aquest any hi havia un ti\u00f3 per a cada classe.!!!!<\/p>\n<p>Els hem tapat amb una manteta perqu\u00e8 no tinguin fred i els donarem molt de menjar perqu\u00e8 ens caguin molts regals!!<\/p>\n<p>&nbsp;<\/p>\n<p><a href=\"https:\/\/photos.app.goo.gl\/GiokeAGa62vGHwVv9\">Ciqueu AQU\u00cd per veure m\u00e9s fotos<\/a><\/p>\n","protected":false},"excerpt":{"rendered":"<p><a href=\"https:\/\/agora.xtec.cat\/ceip-agsantandreu\/wp-content\/uploads\/usu37\/2020\/12\/Tions-2020-3-1.jpg\"><\/a>El 9 de desembre al mat\u00ed, tots els nens i les nenes d&#8217;Educaci\u00f3 Infantil hem anat a la muntanya de l&#8217;escola a buscar el ti\u00f3!!!<br \/>\nSORPRESA!!!!!\u00a0 Aquest any hi havia un ti\u00f3 per a cada classe.!!!!<br \/>\nEls hem tapat amb una manteta perqu\u00e8 no tinguin fred&hellip;  <a href=\"https:\/\/agora.xtec.cat\/ceip-agsantandreu\/general\/hem-anat-a-buscar-el-tio\/\" title=\"Read Hem anat a buscar el TI\u00d3\">Llegeix m\u00e9s\u00bb<\/a><\/p>\n","protected":false},"author":3,"featured_media":0,"comment_status":"closed","ping_status":"closed","sticky":false,"template":"","format":"standard","meta":{"_bbp_topic_count":0,"_bbp_reply_count":0,"_bbp_total_topic_count":0,"_bbp_total_reply_count":0,"_bbp_voice_count":0,"_bbp_anonymous_reply_count":0,"_bbp_topic_count_hidden":0,"_bbp_reply_count_hidden":0,"_bbp_forum_subforum_count":0,"footnotes":""},"categories":[2,1,4],"tags":[],"class_list":["post-4469","post","type-post","status-publish","format-standard","hentry","category-petits","category-general","category-portada"],"post_mailing_queue_ids":[],"_links":{"self":[{"href":"https:\/\/agora.xtec.cat\/ceip-agsantandreu\/wp-json\/wp\/v2\/posts\/4469","targetHints":{"allow":["GET"]}}],"collection":[{"href":"https:\/\/agora.xtec.cat\/ceip-agsantandreu\/wp-json\/wp\/v2\/posts"}],"about":[{"href":"https:\/\/agora.xtec.cat\/ceip-agsantandreu\/wp-json\/wp\/v2\/types\/post"}],"author":[{"embeddable":true,"href":"https:\/\/agora.xtec.cat\/ceip-agsantandreu\/wp-json\/wp\/v2\/users\/3"}],"replies":[{"embeddable":true,"href":"https:\/\/agora.xtec.cat\/ceip-agsantandreu\/wp-json\/wp\/v2\/comments?post=4469"}],"version-history":[{"count":3,"href":"https:\/\/agora.xtec.cat\/ceip-agsantandreu\/wp-json\/wp\/v2\/posts\/4469\/revisions"}],"predecessor-version":[{"id":4486,"href":"https:\/\/agora.xtec.cat\/ceip-agsantandreu\/wp-json\/wp\/v2\/posts\/4469\/revisions\/4486"}],"wp:attachment":[{"href":"https:\/\/agora.xtec.cat\/ceip-agsantandreu\/wp-json\/wp\/v2\/media?parent=4469"}],"wp:term":[{"taxonomy":"category","embeddable":true,"href":"https:\/\/agora.xtec.cat\/ceip-agsantandreu\/wp-json\/wp\/v2\/categories?post=4469"},{"taxonomy":"post_tag","embeddable":true,"href":"https:\/\/agora.xtec.cat\/ceip-agsantandreu\/wp-json\/wp\/v2\/tags?post=4469"}],"curies":[{"name":"wp","href":"https:\/\/api.w.org\/{rel}","templated":true}]}}