{"id":4421,"date":"2020-12-04T12:16:01","date_gmt":"2020-12-04T11:16:01","guid":{"rendered":"https:\/\/agora.xtec.cat\/ceip-agsantandreu\/?p=4421"},"modified":"2020-12-04T12:16:01","modified_gmt":"2020-12-04T11:16:01","slug":"setmana-de-la-ciencia-a-p4-i-p5","status":"publish","type":"post","link":"https:\/\/agora.xtec.cat\/ceip-agsantandreu\/general\/setmana-de-la-ciencia-a-p4-i-p5\/","title":{"rendered":"SETMANA DE LA CI\u00c8NCIA A P4 i P5"},"content":{"rendered":"<p>A Educaci\u00f3 infantil tamb\u00e9 hem gaudit de la setmana de la ci\u00e8ncia.<\/p>\n<p>L&#8217;alumnat de 1r d&#8217;ESO de l&#8217;Institut Sant Andreu ens va fer arribar un estetoscopi de material reciclat per a cada nen i nena de P4 i P5 juntament amb uns v\u00eddeos on ens explicaven per a qu\u00e8 serveix i com es pot fer un f\u00e0cilment.<\/p>\n<p>Ens vam fer unes <span style=\"text-decoration: underline\"><a href=\"https:\/\/photos.app.goo.gl\/fPNv9C61hso6ZWAq9\"><strong><span style=\"color: #0000ff;text-decoration: underline\">FOTOS<\/span><\/strong><\/a><\/span> per a qu\u00e8 veieu que b\u00e9 ens ho vam passar decorant el nostre estetoscopi amb gomets de colors.<\/p>\n<p>Moltes gr\u00e0cies nois i noies!<\/p>\n<p><a href=\"https:\/\/agora.xtec.cat\/ceip-agsantandreu\/wp-content\/uploads\/usu37\/2020\/12\/P4B5.jpg\"><img loading=\"lazy\" decoding=\"async\" class=\"wp-image-4460 aligncenter\" src=\"https:\/\/agora.xtec.cat\/ceip-agsantandreu\/wp-content\/uploads\/usu37\/2020\/12\/P4B5-1024x621.jpg\" alt=\"\" width=\"463\" height=\"281\" srcset=\"https:\/\/agora.xtec.cat\/ceip-agsantandreu\/wp-content\/uploads\/usu37\/2020\/12\/P4B5.jpg 1024w, https:\/\/agora.xtec.cat\/ceip-agsantandreu\/wp-content\/uploads\/usu37\/2020\/12\/P4B5-300x182.jpg 300w, https:\/\/agora.xtec.cat\/ceip-agsantandreu\/wp-content\/uploads\/usu37\/2020\/12\/P4B5-768x466.jpg 768w\" sizes=\"auto, (max-width: 463px) 100vw, 463px\" \/><\/a><\/p>\n","protected":false},"excerpt":{"rendered":"<p>A Educaci\u00f3 infantil tamb\u00e9 hem gaudit de la setmana de la ci\u00e8ncia.<br \/>\nL&#8217;alumnat de 1r d&#8217;ESO de l&#8217;Institut Sant Andreu ens va fer arribar un estetoscopi de material reciclat per a cada nen i nena de P4 i P5 juntament amb uns v\u00eddeos on ens explicaven&hellip;  <a href=\"https:\/\/agora.xtec.cat\/ceip-agsantandreu\/general\/setmana-de-la-ciencia-a-p4-i-p5\/\" title=\"Read SETMANA DE LA CI\u00c8NCIA A P4 i P5\">Llegeix m\u00e9s\u00bb<\/a><\/p>\n","protected":false},"author":3,"featured_media":0,"comment_status":"open","ping_status":"closed","sticky":false,"template":"","format":"standard","meta":{"_bbp_topic_count":0,"_bbp_reply_count":0,"_bbp_total_topic_count":0,"_bbp_total_reply_count":0,"_bbp_voice_count":0,"_bbp_anonymous_reply_count":0,"_bbp_topic_count_hidden":0,"_bbp_reply_count_hidden":0,"_bbp_forum_subforum_count":0,"footnotes":""},"categories":[2,1,4],"tags":[],"class_list":["post-4421","post","type-post","status-publish","format-standard","hentry","category-petits","category-general","category-portada"],"post_mailing_queue_ids":[],"_links":{"self":[{"href":"https:\/\/agora.xtec.cat\/ceip-agsantandreu\/wp-json\/wp\/v2\/posts\/4421","targetHints":{"allow":["GET"]}}],"collection":[{"href":"https:\/\/agora.xtec.cat\/ceip-agsantandreu\/wp-json\/wp\/v2\/posts"}],"about":[{"href":"https:\/\/agora.xtec.cat\/ceip-agsantandreu\/wp-json\/wp\/v2\/types\/post"}],"author":[{"embeddable":true,"href":"https:\/\/agora.xtec.cat\/ceip-agsantandreu\/wp-json\/wp\/v2\/users\/3"}],"replies":[{"embeddable":true,"href":"https:\/\/agora.xtec.cat\/ceip-agsantandreu\/wp-json\/wp\/v2\/comments?post=4421"}],"version-history":[{"count":3,"href":"https:\/\/agora.xtec.cat\/ceip-agsantandreu\/wp-json\/wp\/v2\/posts\/4421\/revisions"}],"predecessor-version":[{"id":4464,"href":"https:\/\/agora.xtec.cat\/ceip-agsantandreu\/wp-json\/wp\/v2\/posts\/4421\/revisions\/4464"}],"wp:attachment":[{"href":"https:\/\/agora.xtec.cat\/ceip-agsantandreu\/wp-json\/wp\/v2\/media?parent=4421"}],"wp:term":[{"taxonomy":"category","embeddable":true,"href":"https:\/\/agora.xtec.cat\/ceip-agsantandreu\/wp-json\/wp\/v2\/categories?post=4421"},{"taxonomy":"post_tag","embeddable":true,"href":"https:\/\/agora.xtec.cat\/ceip-agsantandreu\/wp-json\/wp\/v2\/tags?post=4421"}],"curies":[{"name":"wp","href":"https:\/\/api.w.org\/{rel}","templated":true}]}}