{"id":4402,"date":"2020-11-23T15:46:02","date_gmt":"2020-11-23T14:46:02","guid":{"rendered":"https:\/\/agora.xtec.cat\/ceip-agsantandreu\/?p=4402"},"modified":"2020-11-24T14:31:26","modified_gmt":"2020-11-24T13:31:26","slug":"setmana-de-la-ciencia-2n","status":"publish","type":"post","link":"https:\/\/agora.xtec.cat\/ceip-agsantandreu\/general\/setmana-de-la-ciencia-2n\/","title":{"rendered":"Setmana de la ci\u00e8ncia 2n"},"content":{"rendered":"<p>Els nens i nens de segon hem gaudit de la setmana de la ci\u00e8ncia.<\/p>\n<p>Els alumnes de segon d\u2019ESO de l\u2019Institut de Sant Andreu ens han preparat uns materials molt interessants per treballar la balan\u00e7a. Gr\u00e0cies al seu v\u00eddeo explicatiu i a les balances fetes amb material reciclat hem apr\u00e8s moltes coses noves.<\/p>\n<p>Moltes gr\u00e0cies nois i noies, ens ho vam passar molt b\u00e9!<\/p>\n<p><a href=\"https:\/\/photos.app.goo.gl\/7NSr3GhRYFCCwsox6\"><img loading=\"lazy\" decoding=\"async\" class=\"aligncenter wp-image-4403 size-full\" src=\"https:\/\/agora.xtec.cat\/ceip-agsantandreu\/wp-content\/uploads\/usu37\/2020\/11\/PHOTO-2020-11-18-16-32-19-Copy.jpg\" alt=\"\" width=\"576\" height=\"768\" srcset=\"https:\/\/agora.xtec.cat\/ceip-agsantandreu\/wp-content\/uploads\/usu37\/2020\/11\/PHOTO-2020-11-18-16-32-19-Copy.jpg 576w, https:\/\/agora.xtec.cat\/ceip-agsantandreu\/wp-content\/uploads\/usu37\/2020\/11\/PHOTO-2020-11-18-16-32-19-Copy-225x300.jpg 225w\" sizes=\"auto, (max-width: 576px) 100vw, 576px\" \/><\/a><\/p>\n<p><a href=\"https:\/\/photos.app.goo.gl\/7NSr3GhRYFCCwsox6\">Fotografies setmana de la ci\u00e8ncia 2n<\/a><\/p>\n","protected":false},"excerpt":{"rendered":"<p>Els nens i nens de segon hem gaudit de la setmana de la ci\u00e8ncia.<br \/>\nEls alumnes de segon d\u2019ESO de l\u2019Institut de Sant Andreu ens han preparat uns materials molt interessants per treballar la balan\u00e7a. Gr\u00e0cies al seu v\u00eddeo explicatiu i a les balances fetes amb&hellip;  <a href=\"https:\/\/agora.xtec.cat\/ceip-agsantandreu\/general\/setmana-de-la-ciencia-2n\/\" title=\"Read Setmana de la ci\u00e8ncia 2n\">Llegeix m\u00e9s\u00bb<\/a><\/p>\n","protected":false},"author":3,"featured_media":0,"comment_status":"open","ping_status":"closed","sticky":false,"template":"","format":"standard","meta":{"_bbp_topic_count":0,"_bbp_reply_count":0,"_bbp_total_topic_count":0,"_bbp_total_reply_count":0,"_bbp_voice_count":0,"_bbp_anonymous_reply_count":0,"_bbp_topic_count_hidden":0,"_bbp_reply_count_hidden":0,"_bbp_forum_subforum_count":0,"footnotes":""},"categories":[5,1,4],"tags":[],"class_list":["post-4402","post","type-post","status-publish","format-standard","hentry","category-mitjans","category-general","category-portada"],"post_mailing_queue_ids":[],"_links":{"self":[{"href":"https:\/\/agora.xtec.cat\/ceip-agsantandreu\/wp-json\/wp\/v2\/posts\/4402","targetHints":{"allow":["GET"]}}],"collection":[{"href":"https:\/\/agora.xtec.cat\/ceip-agsantandreu\/wp-json\/wp\/v2\/posts"}],"about":[{"href":"https:\/\/agora.xtec.cat\/ceip-agsantandreu\/wp-json\/wp\/v2\/types\/post"}],"author":[{"embeddable":true,"href":"https:\/\/agora.xtec.cat\/ceip-agsantandreu\/wp-json\/wp\/v2\/users\/3"}],"replies":[{"embeddable":true,"href":"https:\/\/agora.xtec.cat\/ceip-agsantandreu\/wp-json\/wp\/v2\/comments?post=4402"}],"version-history":[{"count":3,"href":"https:\/\/agora.xtec.cat\/ceip-agsantandreu\/wp-json\/wp\/v2\/posts\/4402\/revisions"}],"predecessor-version":[{"id":4420,"href":"https:\/\/agora.xtec.cat\/ceip-agsantandreu\/wp-json\/wp\/v2\/posts\/4402\/revisions\/4420"}],"wp:attachment":[{"href":"https:\/\/agora.xtec.cat\/ceip-agsantandreu\/wp-json\/wp\/v2\/media?parent=4402"}],"wp:term":[{"taxonomy":"category","embeddable":true,"href":"https:\/\/agora.xtec.cat\/ceip-agsantandreu\/wp-json\/wp\/v2\/categories?post=4402"},{"taxonomy":"post_tag","embeddable":true,"href":"https:\/\/agora.xtec.cat\/ceip-agsantandreu\/wp-json\/wp\/v2\/tags?post=4402"}],"curies":[{"name":"wp","href":"https:\/\/api.w.org\/{rel}","templated":true}]}}