{"id":4355,"date":"2020-11-08T23:19:34","date_gmt":"2020-11-08T22:19:34","guid":{"rendered":"https:\/\/agora.xtec.cat\/ceip-agsantandreu\/?p=4355"},"modified":"2020-11-08T23:21:23","modified_gmt":"2020-11-08T22:21:23","slug":"menjador-circular-menu-per-emportar","status":"publish","type":"post","link":"https:\/\/agora.xtec.cat\/ceip-agsantandreu\/serveis\/menjador\/menjador-circular-menu-per-emportar\/","title":{"rendered":"Circular men\u00fa per emportar"},"content":{"rendered":"<h5><img loading=\"lazy\" decoding=\"async\" class=\"attachment-266x266 size-266x266 alignnone\" src=\"https:\/\/agora.xtec.cat\/ceip-agsantandreu\/wp-content\/uploads\/usu37\/2020\/11\/Imagen-circular-menjador-men%C3%BA-per-emportar-2.png\" sizes=\"auto, (max-width: 266px) 100vw, 266px\" srcset=\"https:\/\/agora.xtec.cat\/ceip-agsantandreu\/wp-content\/uploads\/usu37\/2020\/11\/Imagen-circular-menjador-men\u00fa-per-emportar-2.png 507w, https:\/\/agora.xtec.cat\/ceip-agsantandreu\/wp-content\/uploads\/usu37\/2020\/11\/Imagen-circular-menjador-men\u00fa-per-emportar-2-300x159.png 300w\" alt=\"\" width=\"266\" height=\"141\" \/><\/h5>\n<h5><\/h5>\n<h5>A continuaci\u00f3 teniu la circular que s&#8217;ha enviat a les fam\u00edlies, per\u00f2 si voleu accedir a la circular, cliqueu a sobre del seg\u00fcent enlla\u00e7:<\/h5>\n<h5><em><strong><span style=\"color: #ff6600;\"><a style=\"color: #ff6600;\" href=\"https:\/\/agora.xtec.cat\/ceip-agsantandreu\/wp-content\/uploads\/usu37\/2020\/11\/CIRCULAR-INFORMATIVA-MENJADOR.pdf\" target=\"_blank\" rel=\"noopener noreferrer\"><span style=\"text-decoration: underline;\">CIRCULAR MEN\u00daS PER EMPORTAR<\/span><\/a><\/span><\/strong><\/em><\/h5>\n<p>&nbsp;<\/p>\n<p>&nbsp;<\/p>\n<p><a href=\"https:\/\/agora.xtec.cat\/ceip-agsantandreu\/wp-content\/uploads\/usu37\/2020\/11\/Circular-menjador-p\u00e0g-1.png\"><img loading=\"lazy\" decoding=\"async\" class=\"alignnone wp-image-4363\" src=\"https:\/\/agora.xtec.cat\/ceip-agsantandreu\/wp-content\/uploads\/usu37\/2020\/11\/Circular-menjador-p\u00e0g-1.png\" alt=\"\" width=\"600\" height=\"842\" srcset=\"https:\/\/agora.xtec.cat\/ceip-agsantandreu\/wp-content\/uploads\/usu37\/2020\/11\/Circular-menjador-p\u00e0g-1.png 396w, https:\/\/agora.xtec.cat\/ceip-agsantandreu\/wp-content\/uploads\/usu37\/2020\/11\/Circular-menjador-p\u00e0g-1-214x300.png 214w\" sizes=\"auto, (max-width: 600px) 100vw, 600px\" \/><\/a><\/p>\n<p>&nbsp;<\/p>\n<p><a href=\"https:\/\/agora.xtec.cat\/ceip-agsantandreu\/wp-content\/uploads\/usu37\/2020\/11\/Circular-menjador-p\u00e0g-2.png\"><img loading=\"lazy\" decoding=\"async\" class=\"alignnone wp-image-4364\" src=\"https:\/\/agora.xtec.cat\/ceip-agsantandreu\/wp-content\/uploads\/usu37\/2020\/11\/Circular-menjador-p\u00e0g-2.png\" alt=\"\" width=\"600\" height=\"798\" srcset=\"https:\/\/agora.xtec.cat\/ceip-agsantandreu\/wp-content\/uploads\/usu37\/2020\/11\/Circular-menjador-p\u00e0g-2.png 394w, https:\/\/agora.xtec.cat\/ceip-agsantandreu\/wp-content\/uploads\/usu37\/2020\/11\/Circular-menjador-p\u00e0g-2-226x300.png 226w\" sizes=\"auto, (max-width: 600px) 100vw, 600px\" \/><\/a><\/p>\n<p>&nbsp;<\/p>\n<p style=\"font-weight: 400;\">Restem a la vostra disposici\u00f3 per qualsevol consulta al respecte.<\/p>\n<p style=\"font-weight: 400;\">Tamb\u00e9 us podeu adre\u00e7ar al correu i\/o tel\u00e8fon de l\u2019empresa de servei de menjador.<\/p>\n<p style=\"font-weight: 400;\">email:\u00a0<a href=\"mailto:elcomedordelcole@elcomedordelcole.es\">elcomedordelcole@elcomedordelcole.es<\/a><\/p>\n<p style=\"font-weight: 400;\">Tel: 647 94 99 97<\/p>\n<p>&nbsp;<\/p>\n","protected":false},"excerpt":{"rendered":"<p>A continuaci\u00f3 teniu la circular que s&#8217;ha enviat a les fam\u00edlies, per\u00f2 si voleu accedir a la circular, cliqueu a sobre del seg\u00fcent enlla\u00e7:<br \/>\n<a style=\"color: #ff6600;\" href=\"https:\/\/agora.xtec.cat\/ceip-agsantandreu\/wp-content\/uploads\/usu37\/2020\/11\/CIRCULAR-INFORMATIVA-MENJADOR.pdf\" target=\"_blank\" rel=\"noopener noreferrer\">CIRCULAR MEN\u00daS PER EMPORTAR<\/a><br \/>\n&nbsp;<br \/>\n&nbsp;<br \/>\n<a href=\"https:\/\/agora.xtec.cat\/ceip-agsantandreu\/wp-content\/uploads\/usu37\/2020\/11\/Circular-menjador-p\u00e0g-1.png\"><\/a><br \/>\n&nbsp;<br \/>\n<a href=\"https:\/\/agora.xtec.cat\/ceip-agsantandreu\/wp-content\/uploads\/usu37\/2020\/11\/Circular-menjador-p\u00e0g-2.png\"><\/a><br \/>\n&nbsp;<br \/>\nRestem a la vostra disposici\u00f3 per qualsevol consulta al respecte.<br \/>\nTamb\u00e9 us&hellip;  <a href=\"https:\/\/agora.xtec.cat\/ceip-agsantandreu\/serveis\/menjador\/menjador-circular-menu-per-emportar\/\" title=\"Read Circular men\u00fa per emportar\">Llegeix m\u00e9s\u00bb<\/a><\/p>\n","protected":false},"author":1,"featured_media":0,"comment_status":"closed","ping_status":"closed","sticky":false,"template":"","format":"standard","meta":{"_bbp_topic_count":0,"_bbp_reply_count":0,"_bbp_total_topic_count":0,"_bbp_total_reply_count":0,"_bbp_voice_count":0,"_bbp_anonymous_reply_count":0,"_bbp_topic_count_hidden":0,"_bbp_reply_count_hidden":0,"_bbp_forum_subforum_count":0,"footnotes":""},"categories":[62],"tags":[80],"class_list":["post-4355","post","type-post","status-publish","format-standard","hentry","category-menjador","tag-menjador"],"post_mailing_queue_ids":[],"_links":{"self":[{"href":"https:\/\/agora.xtec.cat\/ceip-agsantandreu\/wp-json\/wp\/v2\/posts\/4355","targetHints":{"allow":["GET"]}}],"collection":[{"href":"https:\/\/agora.xtec.cat\/ceip-agsantandreu\/wp-json\/wp\/v2\/posts"}],"about":[{"href":"https:\/\/agora.xtec.cat\/ceip-agsantandreu\/wp-json\/wp\/v2\/types\/post"}],"author":[{"embeddable":true,"href":"https:\/\/agora.xtec.cat\/ceip-agsantandreu\/wp-json\/wp\/v2\/users\/1"}],"replies":[{"embeddable":true,"href":"https:\/\/agora.xtec.cat\/ceip-agsantandreu\/wp-json\/wp\/v2\/comments?post=4355"}],"version-history":[{"count":2,"href":"https:\/\/agora.xtec.cat\/ceip-agsantandreu\/wp-json\/wp\/v2\/posts\/4355\/revisions"}],"predecessor-version":[{"id":4369,"href":"https:\/\/agora.xtec.cat\/ceip-agsantandreu\/wp-json\/wp\/v2\/posts\/4355\/revisions\/4369"}],"wp:attachment":[{"href":"https:\/\/agora.xtec.cat\/ceip-agsantandreu\/wp-json\/wp\/v2\/media?parent=4355"}],"wp:term":[{"taxonomy":"category","embeddable":true,"href":"https:\/\/agora.xtec.cat\/ceip-agsantandreu\/wp-json\/wp\/v2\/categories?post=4355"},{"taxonomy":"post_tag","embeddable":true,"href":"https:\/\/agora.xtec.cat\/ceip-agsantandreu\/wp-json\/wp\/v2\/tags?post=4355"}],"curies":[{"name":"wp","href":"https:\/\/api.w.org\/{rel}","templated":true}]}}