{"id":4319,"date":"2020-11-01T15:00:04","date_gmt":"2020-11-01T14:00:04","guid":{"rendered":"https:\/\/agora.xtec.cat\/ceip-agsantandreu\/?p=4319"},"modified":"2020-11-06T22:24:21","modified_gmt":"2020-11-06T21:24:21","slug":"la-castanyera-al-guimera","status":"publish","type":"post","link":"https:\/\/agora.xtec.cat\/ceip-agsantandreu\/general\/la-castanyera-al-guimera\/","title":{"rendered":"LA CASTANYERA AL GUIMER\u00c0"},"content":{"rendered":"<p><strong>LA CASTANYERA\u00a0<\/strong><\/p>\n<p>Divendres 30 a la tarda vam tenir una visita molt especial: La Castanyera!!!! Va venir a visitar als alumnes d&#8217; Educaci\u00f3 Infantil i Cicle Inicial. Ens va explicar hist\u00f2ries i vam cantar amb ella can\u00e7ons. Per finalitzar ens va deixar una paperina amb castanyes. Va ser una tarda molt divertida!! Moltes gr\u00e0cies Castanyera!!<\/p>\n<p><a href=\"https:\/\/photos.app.goo.gl\/ztobaTYU3dsp3dDK8\">FOTOS CASTANYERA<\/a><\/p>\n<p><img loading=\"lazy\" decoding=\"async\" class=\"aligncenter\" src=\"https:\/\/lh3.googleusercontent.com\/pw\/ACtC-3dlRcNRZO6IEqJrBXglth5SHOd5QpcO-qDmjuykakGldVQL9OFLSpud-O8yT4N-rpRWC5iH4MxYIF5-SFQq8gU3rF9UkqvhhmKo2lTey73eeav2DZp3NyZMPU-xH0WPCytkxw3ycWhaaJUj22FDNf8s=w469-h625-no?authuser=8\" width=\"252\" height=\"336\" \/><\/p>\n","protected":false},"excerpt":{"rendered":"<p>LA CASTANYERA\u00a0<br \/>\nDivendres 30 a la tarda vam tenir una visita molt especial: La Castanyera!!!! Va venir a visitar als alumnes d&#8217; Educaci\u00f3 Infantil i Cicle Inicial. Ens va explicar hist\u00f2ries i vam cantar amb ella can\u00e7ons. Per finalitzar ens va deixar una paperina amb castanyes.&hellip;  <a href=\"https:\/\/agora.xtec.cat\/ceip-agsantandreu\/general\/la-castanyera-al-guimera\/\" title=\"Read LA CASTANYERA AL GUIMER\u00c0\">Llegeix m\u00e9s\u00bb<\/a><\/p>\n","protected":false},"author":3,"featured_media":0,"comment_status":"closed","ping_status":"closed","sticky":false,"template":"","format":"standard","meta":{"_bbp_topic_count":0,"_bbp_reply_count":0,"_bbp_total_topic_count":0,"_bbp_total_reply_count":0,"_bbp_voice_count":0,"_bbp_anonymous_reply_count":0,"_bbp_topic_count_hidden":0,"_bbp_reply_count_hidden":0,"_bbp_forum_subforum_count":0,"footnotes":""},"categories":[5,2,1],"tags":[],"class_list":["post-4319","post","type-post","status-publish","format-standard","hentry","category-mitjans","category-petits","category-general"],"post_mailing_queue_ids":[],"_links":{"self":[{"href":"https:\/\/agora.xtec.cat\/ceip-agsantandreu\/wp-json\/wp\/v2\/posts\/4319","targetHints":{"allow":["GET"]}}],"collection":[{"href":"https:\/\/agora.xtec.cat\/ceip-agsantandreu\/wp-json\/wp\/v2\/posts"}],"about":[{"href":"https:\/\/agora.xtec.cat\/ceip-agsantandreu\/wp-json\/wp\/v2\/types\/post"}],"author":[{"embeddable":true,"href":"https:\/\/agora.xtec.cat\/ceip-agsantandreu\/wp-json\/wp\/v2\/users\/3"}],"replies":[{"embeddable":true,"href":"https:\/\/agora.xtec.cat\/ceip-agsantandreu\/wp-json\/wp\/v2\/comments?post=4319"}],"version-history":[{"count":1,"href":"https:\/\/agora.xtec.cat\/ceip-agsantandreu\/wp-json\/wp\/v2\/posts\/4319\/revisions"}],"predecessor-version":[{"id":4344,"href":"https:\/\/agora.xtec.cat\/ceip-agsantandreu\/wp-json\/wp\/v2\/posts\/4319\/revisions\/4344"}],"wp:attachment":[{"href":"https:\/\/agora.xtec.cat\/ceip-agsantandreu\/wp-json\/wp\/v2\/media?parent=4319"}],"wp:term":[{"taxonomy":"category","embeddable":true,"href":"https:\/\/agora.xtec.cat\/ceip-agsantandreu\/wp-json\/wp\/v2\/categories?post=4319"},{"taxonomy":"post_tag","embeddable":true,"href":"https:\/\/agora.xtec.cat\/ceip-agsantandreu\/wp-json\/wp\/v2\/tags?post=4319"}],"curies":[{"name":"wp","href":"https:\/\/api.w.org\/{rel}","templated":true}]}}