{"id":4308,"date":"2020-10-30T18:13:48","date_gmt":"2020-10-30T17:13:48","guid":{"rendered":"https:\/\/agora.xtec.cat\/ceip-agsantandreu\/?p=4308"},"modified":"2020-10-31T10:06:21","modified_gmt":"2020-10-31T09:06:21","slug":"aportacio-ampa","status":"publish","type":"post","link":"https:\/\/agora.xtec.cat\/ceip-agsantandreu\/afa\/aportacio-ampa\/","title":{"rendered":"APORTACI\u00d3 AMPA"},"content":{"rendered":"<p>L&#8217;AMPA ha aportat a l&#8217;escola material de refor\u00e7 en la gesti\u00f3 de prevenci\u00f3 referent al Covid-19. Hem comprat pareres amb pedal i tapa que ens va demanar el centre, i hem gestionat junt amb un pintor i pap\u00e1 de l&#8217;escola la delimitaci\u00f3 dels patis, molt agra\u00efts al Sr. Quir\u00f3s per la seva implicaci\u00f3. Tot aix\u00f2 es possible amb la col\u00b7laboraci\u00f3 de tots vosaltres com a socis i s\u00f2cies.<\/p>\n<p>Moltes gr\u00e0cies<\/p>\n<p><img loading=\"lazy\" decoding=\"async\" class=\"alignnone size-large wp-image-4310\" src=\"https:\/\/agora.xtec.cat\/ceip-agsantandreu\/wp-content\/uploads\/usu37\/2020\/10\/IMG-20201023-WA0011-1024x768.jpg\" alt=\"\" width=\"1024\" height=\"768\" srcset=\"https:\/\/agora.xtec.cat\/ceip-agsantandreu\/wp-content\/uploads\/usu37\/2020\/10\/IMG-20201023-WA0011-1024x768.jpg 1024w, https:\/\/agora.xtec.cat\/ceip-agsantandreu\/wp-content\/uploads\/usu37\/2020\/10\/IMG-20201023-WA0011-300x225.jpg 300w, https:\/\/agora.xtec.cat\/ceip-agsantandreu\/wp-content\/uploads\/usu37\/2020\/10\/IMG-20201023-WA0011-768x576.jpg 768w, https:\/\/agora.xtec.cat\/ceip-agsantandreu\/wp-content\/uploads\/usu37\/2020\/10\/IMG-20201023-WA0011-200x150.jpg 200w, https:\/\/agora.xtec.cat\/ceip-agsantandreu\/wp-content\/uploads\/usu37\/2020\/10\/IMG-20201023-WA0011.jpg 1600w\" sizes=\"auto, (max-width: 1024px) 100vw, 1024px\" \/><\/p>\n<p><img loading=\"lazy\" decoding=\"async\" class=\"alignnone size-large wp-image-4309\" src=\"https:\/\/agora.xtec.cat\/ceip-agsantandreu\/wp-content\/uploads\/usu37\/2020\/10\/IMG-20201023-WA0004-1024x768.jpg\" alt=\"\" width=\"1024\" height=\"768\" srcset=\"https:\/\/agora.xtec.cat\/ceip-agsantandreu\/wp-content\/uploads\/usu37\/2020\/10\/IMG-20201023-WA0004-1024x768.jpg 1024w, https:\/\/agora.xtec.cat\/ceip-agsantandreu\/wp-content\/uploads\/usu37\/2020\/10\/IMG-20201023-WA0004-300x225.jpg 300w, https:\/\/agora.xtec.cat\/ceip-agsantandreu\/wp-content\/uploads\/usu37\/2020\/10\/IMG-20201023-WA0004-768x576.jpg 768w, https:\/\/agora.xtec.cat\/ceip-agsantandreu\/wp-content\/uploads\/usu37\/2020\/10\/IMG-20201023-WA0004-200x150.jpg 200w, https:\/\/agora.xtec.cat\/ceip-agsantandreu\/wp-content\/uploads\/usu37\/2020\/10\/IMG-20201023-WA0004.jpg 2000w\" sizes=\"auto, (max-width: 1024px) 100vw, 1024px\" \/><\/p>\n","protected":false},"excerpt":{"rendered":"<p>L&#8217;AMPA ha aportat a l&#8217;escola material de refor\u00e7 en la gesti\u00f3 de prevenci\u00f3 referent al Covid-19. Hem comprat pareres amb pedal i tapa que ens va demanar el centre, i hem gestionat junt amb un pintor i pap\u00e1 de l&#8217;escola la delimitaci\u00f3 dels patis, molt&hellip;  <a href=\"https:\/\/agora.xtec.cat\/ceip-agsantandreu\/afa\/aportacio-ampa\/\" title=\"Read APORTACI\u00d3 AMPA\">Llegeix m\u00e9s\u00bb<\/a><\/p>\n","protected":false},"author":6,"featured_media":4309,"comment_status":"closed","ping_status":"closed","sticky":false,"template":"","format":"standard","meta":{"_bbp_topic_count":0,"_bbp_reply_count":0,"_bbp_total_topic_count":0,"_bbp_total_reply_count":0,"_bbp_voice_count":0,"_bbp_anonymous_reply_count":0,"_bbp_topic_count_hidden":0,"_bbp_reply_count_hidden":0,"_bbp_forum_subforum_count":0,"footnotes":""},"categories":[7],"tags":[],"class_list":["post-4308","post","type-post","status-publish","format-standard","has-post-thumbnail","hentry","category-afa"],"post_mailing_queue_ids":[],"_links":{"self":[{"href":"https:\/\/agora.xtec.cat\/ceip-agsantandreu\/wp-json\/wp\/v2\/posts\/4308","targetHints":{"allow":["GET"]}}],"collection":[{"href":"https:\/\/agora.xtec.cat\/ceip-agsantandreu\/wp-json\/wp\/v2\/posts"}],"about":[{"href":"https:\/\/agora.xtec.cat\/ceip-agsantandreu\/wp-json\/wp\/v2\/types\/post"}],"author":[{"embeddable":true,"href":"https:\/\/agora.xtec.cat\/ceip-agsantandreu\/wp-json\/wp\/v2\/users\/6"}],"replies":[{"embeddable":true,"href":"https:\/\/agora.xtec.cat\/ceip-agsantandreu\/wp-json\/wp\/v2\/comments?post=4308"}],"version-history":[{"count":3,"href":"https:\/\/agora.xtec.cat\/ceip-agsantandreu\/wp-json\/wp\/v2\/posts\/4308\/revisions"}],"predecessor-version":[{"id":4318,"href":"https:\/\/agora.xtec.cat\/ceip-agsantandreu\/wp-json\/wp\/v2\/posts\/4308\/revisions\/4318"}],"wp:featuredmedia":[{"embeddable":true,"href":"https:\/\/agora.xtec.cat\/ceip-agsantandreu\/wp-json\/wp\/v2\/media\/4309"}],"wp:attachment":[{"href":"https:\/\/agora.xtec.cat\/ceip-agsantandreu\/wp-json\/wp\/v2\/media?parent=4308"}],"wp:term":[{"taxonomy":"category","embeddable":true,"href":"https:\/\/agora.xtec.cat\/ceip-agsantandreu\/wp-json\/wp\/v2\/categories?post=4308"},{"taxonomy":"post_tag","embeddable":true,"href":"https:\/\/agora.xtec.cat\/ceip-agsantandreu\/wp-json\/wp\/v2\/tags?post=4308"}],"curies":[{"name":"wp","href":"https:\/\/api.w.org\/{rel}","templated":true}]}}