{"id":4256,"date":"2020-10-26T19:02:19","date_gmt":"2020-10-26T18:02:19","guid":{"rendered":"https:\/\/agora.xtec.cat\/ceip-agsantandreu\/?p=4256"},"modified":"2020-10-30T15:17:20","modified_gmt":"2020-10-30T14:17:20","slug":"treballem-a-p5","status":"publish","type":"post","link":"https:\/\/agora.xtec.cat\/ceip-agsantandreu\/general\/treballem-a-p5\/","title":{"rendered":"TREBALLEM A P5"},"content":{"rendered":"<p>Benvingudes fam\u00edlies!!<\/p>\n<p>Ja fa dies que hem comen\u00e7at l&#8217; escola i ja hem fet moltes coses. Aqu\u00ed deixem un petit tastet d&#8217;algunes de les coses fetes. Treballem la psicomotricitat fina de diferents formes: pintant amb pinzell i amb taps de suro. Amb un joc de gomes hem reprodu\u00eft a la nostra m\u00e0 el model de la targeta. Aix\u00f2 ens ha servit per fer classificacions segons el color. Ha sigut molt divertit!!<\/p>\n<p>Per veure les fotografies <span style=\"text-decoration: underline\"><a href=\"https:\/\/photos.app.goo.gl\/9b2rvmARwVNmNK3h9\">clica aqu\u00ed\u00a0<\/a><\/span><a href=\"https:\/\/agora.xtec.cat\/ceip-agsantandreu\/wp-content\/uploads\/usu37\/2020\/10\/Treballs-P5-1.jpg\"><img loading=\"lazy\" decoding=\"async\" class=\"wp-image-4276 aligncenter\" src=\"https:\/\/agora.xtec.cat\/ceip-agsantandreu\/wp-content\/uploads\/usu37\/2020\/10\/Treballs-P5-1.jpg\" alt=\"\" width=\"351\" height=\"264\" srcset=\"https:\/\/agora.xtec.cat\/ceip-agsantandreu\/wp-content\/uploads\/usu37\/2020\/10\/Treballs-P5-1.jpg 1024w, https:\/\/agora.xtec.cat\/ceip-agsantandreu\/wp-content\/uploads\/usu37\/2020\/10\/Treballs-P5-1-300x225.jpg 300w, https:\/\/agora.xtec.cat\/ceip-agsantandreu\/wp-content\/uploads\/usu37\/2020\/10\/Treballs-P5-1-768x576.jpg 768w, https:\/\/agora.xtec.cat\/ceip-agsantandreu\/wp-content\/uploads\/usu37\/2020\/10\/Treballs-P5-1-200x150.jpg 200w\" sizes=\"auto, (max-width: 351px) 100vw, 351px\" \/><\/a><\/p>\n","protected":false},"excerpt":{"rendered":"<p>Benvingudes fam\u00edlies!!<br \/>\nJa fa dies que hem comen\u00e7at l&#8217; escola i ja hem fet moltes coses. Aqu\u00ed deixem un petit tastet d&#8217;algunes de les coses fetes. Treballem la psicomotricitat fina de diferents formes: pintant amb pinzell i amb taps de suro. Amb un joc de gomes&hellip;  <a href=\"https:\/\/agora.xtec.cat\/ceip-agsantandreu\/general\/treballem-a-p5\/\" title=\"Read TREBALLEM A P5\">Llegeix m\u00e9s\u00bb<\/a><\/p>\n","protected":false},"author":3,"featured_media":0,"comment_status":"closed","ping_status":"closed","sticky":false,"template":"","format":"standard","meta":{"_bbp_topic_count":0,"_bbp_reply_count":0,"_bbp_total_topic_count":0,"_bbp_total_reply_count":0,"_bbp_voice_count":0,"_bbp_anonymous_reply_count":0,"_bbp_topic_count_hidden":0,"_bbp_reply_count_hidden":0,"_bbp_forum_subforum_count":0,"footnotes":""},"categories":[2,1,4],"tags":[],"class_list":["post-4256","post","type-post","status-publish","format-standard","hentry","category-petits","category-general","category-portada"],"post_mailing_queue_ids":[],"_links":{"self":[{"href":"https:\/\/agora.xtec.cat\/ceip-agsantandreu\/wp-json\/wp\/v2\/posts\/4256","targetHints":{"allow":["GET"]}}],"collection":[{"href":"https:\/\/agora.xtec.cat\/ceip-agsantandreu\/wp-json\/wp\/v2\/posts"}],"about":[{"href":"https:\/\/agora.xtec.cat\/ceip-agsantandreu\/wp-json\/wp\/v2\/types\/post"}],"author":[{"embeddable":true,"href":"https:\/\/agora.xtec.cat\/ceip-agsantandreu\/wp-json\/wp\/v2\/users\/3"}],"replies":[{"embeddable":true,"href":"https:\/\/agora.xtec.cat\/ceip-agsantandreu\/wp-json\/wp\/v2\/comments?post=4256"}],"version-history":[{"count":5,"href":"https:\/\/agora.xtec.cat\/ceip-agsantandreu\/wp-json\/wp\/v2\/posts\/4256\/revisions"}],"predecessor-version":[{"id":4303,"href":"https:\/\/agora.xtec.cat\/ceip-agsantandreu\/wp-json\/wp\/v2\/posts\/4256\/revisions\/4303"}],"wp:attachment":[{"href":"https:\/\/agora.xtec.cat\/ceip-agsantandreu\/wp-json\/wp\/v2\/media?parent=4256"}],"wp:term":[{"taxonomy":"category","embeddable":true,"href":"https:\/\/agora.xtec.cat\/ceip-agsantandreu\/wp-json\/wp\/v2\/categories?post=4256"},{"taxonomy":"post_tag","embeddable":true,"href":"https:\/\/agora.xtec.cat\/ceip-agsantandreu\/wp-json\/wp\/v2\/tags?post=4256"}],"curies":[{"name":"wp","href":"https:\/\/api.w.org\/{rel}","templated":true}]}}