{"id":4227,"date":"2020-10-04T19:20:09","date_gmt":"2020-10-04T17:20:09","guid":{"rendered":"https:\/\/agora.xtec.cat\/ceip-agsantandreu\/?p=4227"},"modified":"2020-10-04T19:20:09","modified_gmt":"2020-10-04T17:20:09","slug":"acollida-torn-tarda-nota-informativa","status":"publish","type":"post","link":"https:\/\/agora.xtec.cat\/ceip-agsantandreu\/afa\/acollida-torn-tarda-nota-informativa\/","title":{"rendered":"ACOLLIDA TORN TARDA &#8211; NOTA INFORMATIVA"},"content":{"rendered":"<p>A PARTIR DEL DILLUNS 5 OCTUBRE<\/p>\n<p>Degut a l&#8217;aus\u00e8ncia de demanda del servei d&#8217;acollida en el torn de tarda, el nou horari ser\u00e0 de 16.10 a 17.10h. El horari de mat\u00ed es mant\u00e9 sense canvis (m\u00e9s informaci\u00f3 a l&#8217;enlla\u00e7).<\/p>\n<p><a href=\"https:\/\/agora.xtec.cat\/ceip-agsantandreu\/wp-content\/uploads\/usu37\/2020\/10\/NOTA-INFORMATIVA.docx\">NOTA INFORMATIVA<\/a><\/p>\n","protected":false},"excerpt":{"rendered":"<p>A PARTIR DEL DILLUNS 5 OCTUBRE<br \/>\nDegut a l&#8217;aus\u00e8ncia de demanda del servei d&#8217;acollida en el torn de tarda, el nou horari ser\u00e0 de 16.10 a 17.10h. El horari de mat\u00ed es mant\u00e9 sense canvis (m\u00e9s informaci\u00f3 a l&#8217;enlla\u00e7).<br \/>\n<a href=\"https:\/\/agora.xtec.cat\/ceip-agsantandreu\/wp-content\/uploads\/usu37\/2020\/10\/NOTA-INFORMATIVA.docx\">NOTA INFORMATIVA<\/a><\/p>\n","protected":false},"author":6,"featured_media":0,"comment_status":"open","ping_status":"closed","sticky":false,"template":"","format":"standard","meta":{"_bbp_topic_count":0,"_bbp_reply_count":0,"_bbp_total_topic_count":0,"_bbp_total_reply_count":0,"_bbp_voice_count":0,"_bbp_anonymous_reply_count":0,"_bbp_topic_count_hidden":0,"_bbp_reply_count_hidden":0,"_bbp_forum_subforum_count":0,"footnotes":""},"categories":[7],"tags":[],"class_list":["post-4227","post","type-post","status-publish","format-standard","hentry","category-afa"],"post_mailing_queue_ids":[],"_links":{"self":[{"href":"https:\/\/agora.xtec.cat\/ceip-agsantandreu\/wp-json\/wp\/v2\/posts\/4227","targetHints":{"allow":["GET"]}}],"collection":[{"href":"https:\/\/agora.xtec.cat\/ceip-agsantandreu\/wp-json\/wp\/v2\/posts"}],"about":[{"href":"https:\/\/agora.xtec.cat\/ceip-agsantandreu\/wp-json\/wp\/v2\/types\/post"}],"author":[{"embeddable":true,"href":"https:\/\/agora.xtec.cat\/ceip-agsantandreu\/wp-json\/wp\/v2\/users\/6"}],"replies":[{"embeddable":true,"href":"https:\/\/agora.xtec.cat\/ceip-agsantandreu\/wp-json\/wp\/v2\/comments?post=4227"}],"version-history":[{"count":3,"href":"https:\/\/agora.xtec.cat\/ceip-agsantandreu\/wp-json\/wp\/v2\/posts\/4227\/revisions"}],"predecessor-version":[{"id":4230,"href":"https:\/\/agora.xtec.cat\/ceip-agsantandreu\/wp-json\/wp\/v2\/posts\/4227\/revisions\/4230"}],"wp:attachment":[{"href":"https:\/\/agora.xtec.cat\/ceip-agsantandreu\/wp-json\/wp\/v2\/media?parent=4227"}],"wp:term":[{"taxonomy":"category","embeddable":true,"href":"https:\/\/agora.xtec.cat\/ceip-agsantandreu\/wp-json\/wp\/v2\/categories?post=4227"},{"taxonomy":"post_tag","embeddable":true,"href":"https:\/\/agora.xtec.cat\/ceip-agsantandreu\/wp-json\/wp\/v2\/tags?post=4227"}],"curies":[{"name":"wp","href":"https:\/\/api.w.org\/{rel}","templated":true}]}}