{"id":4135,"date":"2020-09-11T20:52:26","date_gmt":"2020-09-11T18:52:26","guid":{"rendered":"https:\/\/agora.xtec.cat\/ceip-agsantandreu\/?p=4135"},"modified":"2020-09-11T21:19:24","modified_gmt":"2020-09-11T19:19:24","slug":"informacions-dacces-al-centre","status":"publish","type":"post","link":"https:\/\/agora.xtec.cat\/ceip-agsantandreu\/general\/informacions-dacces-al-centre\/","title":{"rendered":"INFORMACIONS D&#8217;ACC\u00c9S AL CENTRE"},"content":{"rendered":"<p><a href=\"https:\/\/agora.xtec.cat\/ceip-agsantandreu\/wp-content\/uploads\/usu37\/2020\/09\/Captura-de-pantalla-2020-09-11-a-las-19.54.02.png\"><img loading=\"lazy\" decoding=\"async\" class=\"wp-image-4138 alignnone\" src=\"https:\/\/agora.xtec.cat\/ceip-agsantandreu\/wp-content\/uploads\/usu37\/2020\/09\/Captura-de-pantalla-2020-09-11-a-las-19.54.02.png\" alt=\"\" width=\"302\" height=\"220\" srcset=\"https:\/\/agora.xtec.cat\/ceip-agsantandreu\/wp-content\/uploads\/usu37\/2020\/09\/Captura-de-pantalla-2020-09-11-a-las-19.54.02.png 868w, https:\/\/agora.xtec.cat\/ceip-agsantandreu\/wp-content\/uploads\/usu37\/2020\/09\/Captura-de-pantalla-2020-09-11-a-las-19.54.02-300x218.png 300w, https:\/\/agora.xtec.cat\/ceip-agsantandreu\/wp-content\/uploads\/usu37\/2020\/09\/Captura-de-pantalla-2020-09-11-a-las-19.54.02-768x559.png 768w\" sizes=\"auto, (max-width: 302px) 100vw, 302px\" \/><\/a><a href=\"https:\/\/agora.xtec.cat\/ceip-agsantandreu\/wp-content\/uploads\/usu37\/2020\/09\/Captura-de-pantalla-2020-09-11-a-las-19.54.24.png\"><img loading=\"lazy\" decoding=\"async\" class=\"wp-image-4137 alignnone\" src=\"https:\/\/agora.xtec.cat\/ceip-agsantandreu\/wp-content\/uploads\/usu37\/2020\/09\/Captura-de-pantalla-2020-09-11-a-las-19.54.24.png\" alt=\"\" width=\"302\" height=\"220\" srcset=\"https:\/\/agora.xtec.cat\/ceip-agsantandreu\/wp-content\/uploads\/usu37\/2020\/09\/Captura-de-pantalla-2020-09-11-a-las-19.54.24.png 866w, https:\/\/agora.xtec.cat\/ceip-agsantandreu\/wp-content\/uploads\/usu37\/2020\/09\/Captura-de-pantalla-2020-09-11-a-las-19.54.24-300x218.png 300w, https:\/\/agora.xtec.cat\/ceip-agsantandreu\/wp-content\/uploads\/usu37\/2020\/09\/Captura-de-pantalla-2020-09-11-a-las-19.54.24-768x559.png 768w\" sizes=\"auto, (max-width: 302px) 100vw, 302px\" \/><\/a><a href=\"https:\/\/agora.xtec.cat\/ceip-agsantandreu\/wp-content\/uploads\/usu37\/2020\/09\/Captura-de-pantalla-2020-09-11-a-las-19.54.47.png\"><img loading=\"lazy\" decoding=\"async\" class=\"wp-image-4136 alignnone\" src=\"https:\/\/agora.xtec.cat\/ceip-agsantandreu\/wp-content\/uploads\/usu37\/2020\/09\/Captura-de-pantalla-2020-09-11-a-las-19.54.47.png\" alt=\"\" width=\"305\" height=\"220\" srcset=\"https:\/\/agora.xtec.cat\/ceip-agsantandreu\/wp-content\/uploads\/usu37\/2020\/09\/Captura-de-pantalla-2020-09-11-a-las-19.54.47.png 872w, https:\/\/agora.xtec.cat\/ceip-agsantandreu\/wp-content\/uploads\/usu37\/2020\/09\/Captura-de-pantalla-2020-09-11-a-las-19.54.47-300x216.png 300w, https:\/\/agora.xtec.cat\/ceip-agsantandreu\/wp-content\/uploads\/usu37\/2020\/09\/Captura-de-pantalla-2020-09-11-a-las-19.54.47-768x553.png 768w\" sizes=\"auto, (max-width: 305px) 100vw, 305px\" \/><\/a><\/p>\n<ul>\n<li><strong>NORMES D&#8217;ACC\u00c9S:<\/strong><\/li>\n<\/ul>\n<p>En tot moment <strong>les fam\u00edlies us haureu de mantenir <u>fora del centre<\/u> <\/strong>amb l\u2019excepci\u00f3 dels infants de P3 que podran ser acompanyats a la seva aula per nom\u00e9s un familiar.<\/p>\n<p>Les fam\u00edlies nom\u00e9s podreu accedir a l\u2019escola amb cita pr\u00e8via o si sou convocats pel tutor\/a o qualsevol altre mestre del vostre fill\/a.<\/p>\n<p>Recordeu que tothom ha d\u2019anar amb mascareta (familiars i alumnes) i que s\u2019ha de ser molt puntual a les entrades i sortides per a evitar les aglomeracions .<\/p>\n<ul>\n<li><strong>EN CAS DE PLUJA:<\/strong><\/li>\n<\/ul>\n<p><strong>-SITUACI\u00d3 A<\/strong>: Si el dia ha comen\u00e7at amb pluja els infants entraran amb el seu paraig\u00fces o impermeable i seguiran l\u2019itinerari habitual a la seva aula amb el seu tutor\/a. Es far\u00e0 igual a la sortida, com tenen paraig\u00fces o impermeable sortiran amb els\/les tutores fins a les seves portes d\u2019acc\u00e9s.<\/p>\n<p><strong>-SITUACI\u00d3 B<\/strong>: Si al mat\u00ed entren sense pluja i plou en el moment de la sortida, les fam\u00edlies podran accedir al recinte escolar per\u00f2 <strong><u>no entrar als edificis<\/u><\/strong>. S\u2019ha de seguir l\u2019horari de sortida habitual.<\/p>\n<p>-E.INFANTIL: Les fam\u00edlies recolliran als infants a la seva aula a trav\u00e9s de la porta del pati corresponent.<\/p>\n<p>-C.INICIAL: Les fam\u00edlies de 1r i 2nB recolliran als infants a trav\u00e9s de la terrasseta i 2nA a trav\u00e9s de la porta d\u2019entrada a l\u2019edifici d\u2019infantil.<\/p>\n<p>-C.MITJ\u00c0: Les fam\u00edlies recolliran als infants a trav\u00e9s de la porta de l\u2019edifici principal.<\/p>\n<p>-C.SUPERIOR: Les fam\u00edlies de 5\u00e8 recolliran als infants a trav\u00e9s de la porta de l\u2019edifici principal i les de 6\u00e8 a trav\u00e9s de la porta de l\u2019institut.<\/p>\n<p>LES PORTES S\u2019OBRIRAN 5 MIN ABANS DE L\u2019HORA DE SORTIDA, HEM D\u2019INTENTAR SER MOLT PUNTUALS EN LA RECOLLIDA I ABANDONAR EL RECINTE EL M\u00c9S AVIAT <u style=\"font-family: inherit; font-size: 1em;\"><strong>POSSIBLE PER TAL D\u2019EVITAR AGLOMERACIONS<\/strong><\/u><\/p>\n","protected":false},"excerpt":{"rendered":"<p><a href=\"https:\/\/agora.xtec.cat\/ceip-agsantandreu\/wp-content\/uploads\/usu37\/2020\/09\/Captura-de-pantalla-2020-09-11-a-las-19.54.02.png\"><\/a><a href=\"https:\/\/agora.xtec.cat\/ceip-agsantandreu\/wp-content\/uploads\/usu37\/2020\/09\/Captura-de-pantalla-2020-09-11-a-las-19.54.24.png\"><\/a><a href=\"https:\/\/agora.xtec.cat\/ceip-agsantandreu\/wp-content\/uploads\/usu37\/2020\/09\/Captura-de-pantalla-2020-09-11-a-las-19.54.47.png\"><\/a><\/p>\n<ul>\n<li>NORMES D&#8217;ACC\u00c9S:<\/li>\n<\/ul>\n<p>En tot moment les fam\u00edlies us haureu de mantenir fora del centre amb l\u2019excepci\u00f3 dels infants de P3 que podran ser acompanyats a la seva aula per nom\u00e9s un familiar.<br \/>\nLes fam\u00edlies nom\u00e9s podreu accedir a l\u2019escola amb cita pr\u00e8via o si&hellip;  <a href=\"https:\/\/agora.xtec.cat\/ceip-agsantandreu\/general\/informacions-dacces-al-centre\/\" title=\"Read INFORMACIONS D&#8217;ACC\u00c9S AL CENTRE\">Llegeix m\u00e9s\u00bb<\/a><\/p>\n","protected":false},"author":1,"featured_media":0,"comment_status":"closed","ping_status":"closed","sticky":false,"template":"","format":"standard","meta":{"_bbp_topic_count":0,"_bbp_reply_count":0,"_bbp_total_topic_count":0,"_bbp_total_reply_count":0,"_bbp_voice_count":0,"_bbp_anonymous_reply_count":0,"_bbp_topic_count_hidden":0,"_bbp_reply_count_hidden":0,"_bbp_forum_subforum_count":0,"footnotes":""},"categories":[1,4],"tags":[],"class_list":["post-4135","post","type-post","status-publish","format-standard","hentry","category-general","category-portada"],"post_mailing_queue_ids":[],"_links":{"self":[{"href":"https:\/\/agora.xtec.cat\/ceip-agsantandreu\/wp-json\/wp\/v2\/posts\/4135","targetHints":{"allow":["GET"]}}],"collection":[{"href":"https:\/\/agora.xtec.cat\/ceip-agsantandreu\/wp-json\/wp\/v2\/posts"}],"about":[{"href":"https:\/\/agora.xtec.cat\/ceip-agsantandreu\/wp-json\/wp\/v2\/types\/post"}],"author":[{"embeddable":true,"href":"https:\/\/agora.xtec.cat\/ceip-agsantandreu\/wp-json\/wp\/v2\/users\/1"}],"replies":[{"embeddable":true,"href":"https:\/\/agora.xtec.cat\/ceip-agsantandreu\/wp-json\/wp\/v2\/comments?post=4135"}],"version-history":[{"count":4,"href":"https:\/\/agora.xtec.cat\/ceip-agsantandreu\/wp-json\/wp\/v2\/posts\/4135\/revisions"}],"predecessor-version":[{"id":4143,"href":"https:\/\/agora.xtec.cat\/ceip-agsantandreu\/wp-json\/wp\/v2\/posts\/4135\/revisions\/4143"}],"wp:attachment":[{"href":"https:\/\/agora.xtec.cat\/ceip-agsantandreu\/wp-json\/wp\/v2\/media?parent=4135"}],"wp:term":[{"taxonomy":"category","embeddable":true,"href":"https:\/\/agora.xtec.cat\/ceip-agsantandreu\/wp-json\/wp\/v2\/categories?post=4135"},{"taxonomy":"post_tag","embeddable":true,"href":"https:\/\/agora.xtec.cat\/ceip-agsantandreu\/wp-json\/wp\/v2\/tags?post=4135"}],"curies":[{"name":"wp","href":"https:\/\/api.w.org\/{rel}","templated":true}]}}