{"id":4121,"date":"2020-09-11T20:19:38","date_gmt":"2020-09-11T18:19:38","guid":{"rendered":"https:\/\/agora.xtec.cat\/ceip-agsantandreu\/?p=4121"},"modified":"2020-09-11T20:19:38","modified_gmt":"2020-09-11T18:19:38","slug":"atencio-informacio-presencial-ampa","status":"publish","type":"post","link":"https:\/\/agora.xtec.cat\/ceip-agsantandreu\/afa\/atencio-informacio-presencial-ampa\/","title":{"rendered":"ATENCI\u00d3 &#8211; INFORMACI\u00d3 PRESENCIAL AMPA"},"content":{"rendered":"<p>Durant aquests primers dies de curs, l&#8217;AMPA de l&#8217;Escola \u00c0ngel Guimer\u00e0 oferir\u00e0 atenci\u00f3 presencial per informar a les fam\u00edlies.<\/p>\n<p>Dilluns 14, de 9:15h a 10:30h i de 16:30h a 17:30h<\/p>\n<p>Dimarts 15, de 9:15h a 10:30h<\/p>\n<p><a href=\"https:\/\/agora.xtec.cat\/ceip-agsantandreu\/wp-content\/uploads\/usu37\/2020\/09\/Captura-de-pantalla-2020-09-11-a-las-20.12.15.png\"><img loading=\"lazy\" decoding=\"async\" class=\"size-full wp-image-4123 aligncenter\" src=\"https:\/\/agora.xtec.cat\/ceip-agsantandreu\/wp-content\/uploads\/usu37\/2020\/09\/Captura-de-pantalla-2020-09-11-a-las-20.12.15.png\" alt=\"\" width=\"338\" height=\"518\" srcset=\"https:\/\/agora.xtec.cat\/ceip-agsantandreu\/wp-content\/uploads\/usu37\/2020\/09\/Captura-de-pantalla-2020-09-11-a-las-20.12.15.png 338w, https:\/\/agora.xtec.cat\/ceip-agsantandreu\/wp-content\/uploads\/usu37\/2020\/09\/Captura-de-pantalla-2020-09-11-a-las-20.12.15-196x300.png 196w\" sizes=\"auto, (max-width: 338px) 100vw, 338px\" \/><\/a><\/p>\n<h2 style=\"text-align: center;\"><a href=\"https:\/\/agora.xtec.cat\/ceip-agsantandreu\/wp-content\/uploads\/usu37\/2020\/09\/Triptico-2020-21.pdf\" target=\"_blank\" rel=\"noopener noreferrer\">Tr\u00edptic AMPA-2020\/21<\/a><\/h2>\n","protected":false},"excerpt":{"rendered":"<p>Durant aquests primers dies de curs, l&#8217;AMPA de l&#8217;Escola \u00c0ngel Guimer\u00e0 oferir\u00e0 atenci\u00f3 presencial per informar a les fam\u00edlies.<br \/>\nDilluns 14, de 9:15h a 10:30h i de 16:30h a 17:30h<br \/>\nDimarts 15, de 9:15h a 10:30h<br \/>\n<a href=\"https:\/\/agora.xtec.cat\/ceip-agsantandreu\/wp-content\/uploads\/usu37\/2020\/09\/Captura-de-pantalla-2020-09-11-a-las-20.12.15.png\"><\/a><br \/>\n<a href=\"https:\/\/agora.xtec.cat\/ceip-agsantandreu\/wp-content\/uploads\/usu37\/2020\/09\/Triptico-2020-21.pdf\" target=\"_blank\" rel=\"noopener noreferrer\">Tr\u00edptic AMPA-2020\/21<\/a><\/p>\n","protected":false},"author":1,"featured_media":0,"comment_status":"closed","ping_status":"closed","sticky":false,"template":"","format":"standard","meta":{"_bbp_topic_count":0,"_bbp_reply_count":0,"_bbp_total_topic_count":0,"_bbp_total_reply_count":0,"_bbp_voice_count":0,"_bbp_anonymous_reply_count":0,"_bbp_topic_count_hidden":0,"_bbp_reply_count_hidden":0,"_bbp_forum_subforum_count":0,"footnotes":""},"categories":[7],"tags":[],"class_list":["post-4121","post","type-post","status-publish","format-standard","hentry","category-afa"],"post_mailing_queue_ids":[],"_links":{"self":[{"href":"https:\/\/agora.xtec.cat\/ceip-agsantandreu\/wp-json\/wp\/v2\/posts\/4121","targetHints":{"allow":["GET"]}}],"collection":[{"href":"https:\/\/agora.xtec.cat\/ceip-agsantandreu\/wp-json\/wp\/v2\/posts"}],"about":[{"href":"https:\/\/agora.xtec.cat\/ceip-agsantandreu\/wp-json\/wp\/v2\/types\/post"}],"author":[{"embeddable":true,"href":"https:\/\/agora.xtec.cat\/ceip-agsantandreu\/wp-json\/wp\/v2\/users\/1"}],"replies":[{"embeddable":true,"href":"https:\/\/agora.xtec.cat\/ceip-agsantandreu\/wp-json\/wp\/v2\/comments?post=4121"}],"version-history":[{"count":3,"href":"https:\/\/agora.xtec.cat\/ceip-agsantandreu\/wp-json\/wp\/v2\/posts\/4121\/revisions"}],"predecessor-version":[{"id":4130,"href":"https:\/\/agora.xtec.cat\/ceip-agsantandreu\/wp-json\/wp\/v2\/posts\/4121\/revisions\/4130"}],"wp:attachment":[{"href":"https:\/\/agora.xtec.cat\/ceip-agsantandreu\/wp-json\/wp\/v2\/media?parent=4121"}],"wp:term":[{"taxonomy":"category","embeddable":true,"href":"https:\/\/agora.xtec.cat\/ceip-agsantandreu\/wp-json\/wp\/v2\/categories?post=4121"},{"taxonomy":"post_tag","embeddable":true,"href":"https:\/\/agora.xtec.cat\/ceip-agsantandreu\/wp-json\/wp\/v2\/tags?post=4121"}],"curies":[{"name":"wp","href":"https:\/\/api.w.org\/{rel}","templated":true}]}}