{"id":3608,"date":"2020-04-21T10:13:05","date_gmt":"2020-04-21T08:13:05","guid":{"rendered":"https:\/\/agora.xtec.cat\/ceip-agsantandreu\/?p=3608"},"modified":"2020-04-22T22:27:16","modified_gmt":"2020-04-22T20:27:16","slug":"activitat-conjunta-per-a-celebrar-la-diada-de-sant-jordi","status":"publish","type":"post","link":"https:\/\/agora.xtec.cat\/ceip-agsantandreu\/portada\/activitat-conjunta-per-a-celebrar-la-diada-de-sant-jordi\/","title":{"rendered":"Activitat conjunta per a celebrar la Diada de Sant Jordi"},"content":{"rendered":"<p><a href=\"https:\/\/agora.xtec.cat\/ceip-agsantandreu\/wp-content\/uploads\/usu37\/2020\/04\/can\u00e7\u00f3-Sant-Jordi1.jpg\"><img loading=\"lazy\" decoding=\"async\" class=\" wp-image-3674 alignleft\" src=\"https:\/\/agora.xtec.cat\/ceip-agsantandreu\/wp-content\/uploads\/usu37\/2020\/04\/can\u00e7\u00f3-Sant-Jordi1.jpg\" alt=\"\" width=\"177\" height=\"249\" srcset=\"https:\/\/agora.xtec.cat\/ceip-agsantandreu\/wp-content\/uploads\/usu37\/2020\/04\/can\u00e7\u00f3-Sant-Jordi1.jpg 319w, https:\/\/agora.xtec.cat\/ceip-agsantandreu\/wp-content\/uploads\/usu37\/2020\/04\/can\u00e7\u00f3-Sant-Jordi1-214x300.jpg 214w\" sizes=\"auto, (max-width: 177px) 100vw, 177px\" \/><\/a><\/p>\n<p>Les set escoles d\u2019educaci\u00f3 infantil i prim\u00e0ria de Sant Andreu de la Barca us volem proposar una activitat conjunta per a celebrar la diada de Sant Jordi tots plegats. Us convidem a sortir al vostre balc\u00f3 a cantar la can\u00e7\u00f3 \u201cPersonatges\u201d de Jos\u00e9 Manuel Pag\u00e1n, m\u00e9s coneguda com \u201cSant Jordi, la Princesa, la Rosa i el Drac\u201d. Podeu escoltar-la i llegir la lletra en aquest <a href=\"https:\/\/www.youtube.com\/watch?v=Qy3EjdcXJo4\">enlla\u00e7<\/a>.<\/p>\n<p>L\u2019emissora municipal r\u00e0dio Sant Andreu<span style=\"font-family: inherit; font-size: 1em;\">, al 98.0 FM, col\u00b7laborar\u00e0 amb nosaltres tot emetent la can\u00e7\u00f3 el mateix dijous 23 d\u2019abril a les 12:00 h. del migdia.<\/span><\/p>\n<p>Ja que no podrem celebrar el dia del llibre i la rosa passejant pel carrer com tradicionalment s\u2019ha fet, amb aquest petit esdeveniment que hem pensat esperem que amb la vostra participaci\u00f3 els balcons de Sant Andreu s\u2019omplin de m\u00fasica, color i alegria.<\/p>\n<p>Desitgem que tingueu una molt feli\u00e7 diada de Sant Jordi i gr\u00e0cies a l\u2019avan\u00e7ada per lavostra col\u00b7laboraci\u00f3.<\/p>\n","protected":false},"excerpt":{"rendered":"<p><a href=\"https:\/\/agora.xtec.cat\/ceip-agsantandreu\/wp-content\/uploads\/usu37\/2020\/04\/can\u00e7\u00f3-Sant-Jordi1.jpg\"><\/a><br \/>\nLes set escoles d\u2019educaci\u00f3 infantil i prim\u00e0ria de Sant Andreu de la Barca us volem proposar una activitat conjunta per a celebrar la diada de Sant Jordi tots plegats. Us convidem a sortir al vostre balc\u00f3 a cantar la can\u00e7\u00f3 \u201cPersonatges\u201d de Jos\u00e9 Manuel&hellip;  <a href=\"https:\/\/agora.xtec.cat\/ceip-agsantandreu\/portada\/activitat-conjunta-per-a-celebrar-la-diada-de-sant-jordi\/\" title=\"Read Activitat conjunta per a celebrar la Diada de Sant Jordi\">Llegeix m\u00e9s\u00bb<\/a><\/p>\n","protected":false},"author":3,"featured_media":3674,"comment_status":"closed","ping_status":"closed","sticky":false,"template":"","format":"standard","meta":{"_bbp_topic_count":0,"_bbp_reply_count":0,"_bbp_total_topic_count":0,"_bbp_total_reply_count":0,"_bbp_voice_count":0,"_bbp_anonymous_reply_count":0,"_bbp_topic_count_hidden":0,"_bbp_reply_count_hidden":0,"_bbp_forum_subforum_count":0,"footnotes":""},"categories":[4],"tags":[],"class_list":["post-3608","post","type-post","status-publish","format-standard","has-post-thumbnail","hentry","category-portada"],"post_mailing_queue_ids":[],"_links":{"self":[{"href":"https:\/\/agora.xtec.cat\/ceip-agsantandreu\/wp-json\/wp\/v2\/posts\/3608","targetHints":{"allow":["GET"]}}],"collection":[{"href":"https:\/\/agora.xtec.cat\/ceip-agsantandreu\/wp-json\/wp\/v2\/posts"}],"about":[{"href":"https:\/\/agora.xtec.cat\/ceip-agsantandreu\/wp-json\/wp\/v2\/types\/post"}],"author":[{"embeddable":true,"href":"https:\/\/agora.xtec.cat\/ceip-agsantandreu\/wp-json\/wp\/v2\/users\/3"}],"replies":[{"embeddable":true,"href":"https:\/\/agora.xtec.cat\/ceip-agsantandreu\/wp-json\/wp\/v2\/comments?post=3608"}],"version-history":[{"count":3,"href":"https:\/\/agora.xtec.cat\/ceip-agsantandreu\/wp-json\/wp\/v2\/posts\/3608\/revisions"}],"predecessor-version":[{"id":3680,"href":"https:\/\/agora.xtec.cat\/ceip-agsantandreu\/wp-json\/wp\/v2\/posts\/3608\/revisions\/3680"}],"wp:featuredmedia":[{"embeddable":true,"href":"https:\/\/agora.xtec.cat\/ceip-agsantandreu\/wp-json\/wp\/v2\/media\/3674"}],"wp:attachment":[{"href":"https:\/\/agora.xtec.cat\/ceip-agsantandreu\/wp-json\/wp\/v2\/media?parent=3608"}],"wp:term":[{"taxonomy":"category","embeddable":true,"href":"https:\/\/agora.xtec.cat\/ceip-agsantandreu\/wp-json\/wp\/v2\/categories?post=3608"},{"taxonomy":"post_tag","embeddable":true,"href":"https:\/\/agora.xtec.cat\/ceip-agsantandreu\/wp-json\/wp\/v2\/tags?post=3608"}],"curies":[{"name":"wp","href":"https:\/\/api.w.org\/{rel}","templated":true}]}}