{"id":3516,"date":"2020-04-08T09:34:20","date_gmt":"2020-04-08T07:34:20","guid":{"rendered":"https:\/\/agora.xtec.cat\/ceip-agsantandreu\/?p=3516"},"modified":"2020-04-11T23:00:19","modified_gmt":"2020-04-11T21:00:19","slug":"carta-als-nens-i-nenes-de-p3-p4-i-p5","status":"publish","type":"post","link":"https:\/\/agora.xtec.cat\/ceip-agsantandreu\/comunitats\/petits\/carta-als-nens-i-nenes-de-p3-p4-i-p5\/","title":{"rendered":"Carta als nens i nenes de P3, P4 i P5"},"content":{"rendered":"<p style=\"text-align: justify;\">Hola nens i nenes!!!<\/p>\n<p style=\"text-align: justify;\">Com esteu? Nosaltres, les vostres mestres estem b\u00e9. Ara, al igual que vosaltres estem a casa perqu\u00e8 com ja sabeu ha vingut un \u201cbitxet\u201d invisible i una mica entremaliat que est\u00e0 fent coses que ens fa posar tristos&#8230; I no el volem pas com amic!!!<\/p>\n<p style=\"text-align: justify;\">Us trobem molt\u00edssim a faltar, no ens hem oblidat de vosaltres, eh! Sou els nostres infants, els quals ens feu treure un somriure dia darrera dia. Aprenem dins de la nostra escola a compartir les nostres viv\u00e8ncies, a gestionar les nostres emocions i sentiments&#8230; en definitiva les nostres hist\u00f2ries plenes de VIDA,\u00a0 ens acompanyen alhora que tamb\u00e9 ens fan cr\u00e9ixer!<\/p>\n<p style=\"text-align: justify;\">Ens feu veure les circumst\u00e0ncies que ens envolten d\u2019una manera transparent sense pors. Nom\u00e9s en la innoc\u00e8ncia de la vostra mirada tot all\u00f2 que ens envolta continua essent m\u00e0gicament: tendresa, puresa i alegria! Ara m\u00e9s que mai,\u00a0 ens enrecordem\u00a0 sovint\u00a0\u00a0 de \u201cper qu\u00e8\u201d vam escollir aquesta professi\u00f3 i \u00e9s que quan pensem en vosaltres\u00a0 se\u2019ns dibuixa inconscientment un somriure a la nostra cara.<\/p>\n<p style=\"text-align: justify;\">Un dia&#8230; quan tot aix\u00f2 passi, tornarem a obrir la porta de la nostra classe i us rebrem amb un \u201cBon dia\u201d acompanyat d\u2019una gran abra\u00e7ada. Tornarem a sentir, all\u00f2 que avui trobem tant a faltar.<\/p>\n<p style=\"text-align: justify;\">Sabeu qu\u00e8? Doncs que ho esteu fent genial!!! Esteu participant per a poder fer fora aquest \u201cbitxet\u201d el m\u00e9s aviat possible. I sens dubte ho aconseguirem quedant-nos a casa, perqu\u00e8 llavors quan vegi que les escoles estan tancades, que els parcs estan buits i que nosaltres no volem jugar amb ell&#8230; llavors, en aquell moment veur\u00e0 que s\u2019avorreix i\u00a0 no voldr\u00e0 tornar mai m\u00e9s al nostre m\u00f3n i per fi haurem guanyat!!<\/p>\n<p style=\"text-align: justify;\">Quan arribi aquest dia tornarem a creuar les nostres mirades i segurament no caldr\u00e0 posar paraula al sentiment del moment. Us esperem amb les mans i el cor obert!<\/p>\n<p style=\"text-align: justify;\">Us direm un secret que volem compartir amb vosaltres, cada dia quan sortim als nostres balcons\u00a0 a les 20:00 hores a fer els aplaudiments a totes aquelles persones que ens estan ajudant molt en aquest moments&#8230; oi que heu pogut sentir unes pessigolles a la vostra cara? Doncs s\u00f3n petons plens d\u2019esperan\u00e7a que us fem arribar amb els nostres\u00a0 millors desitjos per a tots i totes vosaltres! Us estimem!<\/p>\n<p><a href=\"https:\/\/agora.xtec.cat\/ceip-agsantandreu\/wp-content\/uploads\/usu37\/2020\/04\/ed.-infantil-2.jpg\"><img loading=\"lazy\" decoding=\"async\" class=\" wp-image-3568 aligncenter\" src=\"https:\/\/agora.xtec.cat\/ceip-agsantandreu\/wp-content\/uploads\/usu37\/2020\/04\/ed.-infantil-2-1024x434.jpg\" alt=\"\" width=\"823\" height=\"349\" srcset=\"https:\/\/agora.xtec.cat\/ceip-agsantandreu\/wp-content\/uploads\/usu37\/2020\/04\/ed.-infantil-2.jpg 1024w, https:\/\/agora.xtec.cat\/ceip-agsantandreu\/wp-content\/uploads\/usu37\/2020\/04\/ed.-infantil-2-300x127.jpg 300w, https:\/\/agora.xtec.cat\/ceip-agsantandreu\/wp-content\/uploads\/usu37\/2020\/04\/ed.-infantil-2-768x326.jpg 768w\" sizes=\"auto, (max-width: 823px) 100vw, 823px\" \/><\/a><\/p>\n<p style=\"text-align: right;\">Pili, Gloria, Marisa, Aida, N\u00faria, Roser, Laura, Frederic, Miriam, Eul\u00e0lia i Anna.<\/p>\n","protected":false},"excerpt":{"rendered":"<p>Hola nens i nenes!!!<br \/>\nCom esteu? Nosaltres, les vostres mestres estem b\u00e9. Ara, al igual que vosaltres estem a casa perqu\u00e8 com ja sabeu ha vingut un \u201cbitxet\u201d invisible i una mica entremaliat que est\u00e0 fent coses que ens fa posar tristos&#8230; I no el volem&hellip;  <a href=\"https:\/\/agora.xtec.cat\/ceip-agsantandreu\/comunitats\/petits\/carta-als-nens-i-nenes-de-p3-p4-i-p5\/\" title=\"Read Carta als nens i nenes de P3, P4 i P5\">Llegeix m\u00e9s\u00bb<\/a><\/p>\n","protected":false},"author":3,"featured_media":3568,"comment_status":"closed","ping_status":"closed","sticky":false,"template":"","format":"standard","meta":{"_bbp_topic_count":0,"_bbp_reply_count":0,"_bbp_total_topic_count":0,"_bbp_total_reply_count":0,"_bbp_voice_count":0,"_bbp_anonymous_reply_count":0,"_bbp_topic_count_hidden":0,"_bbp_reply_count_hidden":0,"_bbp_forum_subforum_count":0,"footnotes":""},"categories":[2],"tags":[],"class_list":["post-3516","post","type-post","status-publish","format-standard","has-post-thumbnail","hentry","category-petits"],"post_mailing_queue_ids":[],"_links":{"self":[{"href":"https:\/\/agora.xtec.cat\/ceip-agsantandreu\/wp-json\/wp\/v2\/posts\/3516","targetHints":{"allow":["GET"]}}],"collection":[{"href":"https:\/\/agora.xtec.cat\/ceip-agsantandreu\/wp-json\/wp\/v2\/posts"}],"about":[{"href":"https:\/\/agora.xtec.cat\/ceip-agsantandreu\/wp-json\/wp\/v2\/types\/post"}],"author":[{"embeddable":true,"href":"https:\/\/agora.xtec.cat\/ceip-agsantandreu\/wp-json\/wp\/v2\/users\/3"}],"replies":[{"embeddable":true,"href":"https:\/\/agora.xtec.cat\/ceip-agsantandreu\/wp-json\/wp\/v2\/comments?post=3516"}],"version-history":[{"count":4,"href":"https:\/\/agora.xtec.cat\/ceip-agsantandreu\/wp-json\/wp\/v2\/posts\/3516\/revisions"}],"predecessor-version":[{"id":3569,"href":"https:\/\/agora.xtec.cat\/ceip-agsantandreu\/wp-json\/wp\/v2\/posts\/3516\/revisions\/3569"}],"wp:featuredmedia":[{"embeddable":true,"href":"https:\/\/agora.xtec.cat\/ceip-agsantandreu\/wp-json\/wp\/v2\/media\/3568"}],"wp:attachment":[{"href":"https:\/\/agora.xtec.cat\/ceip-agsantandreu\/wp-json\/wp\/v2\/media?parent=3516"}],"wp:term":[{"taxonomy":"category","embeddable":true,"href":"https:\/\/agora.xtec.cat\/ceip-agsantandreu\/wp-json\/wp\/v2\/categories?post=3516"},{"taxonomy":"post_tag","embeddable":true,"href":"https:\/\/agora.xtec.cat\/ceip-agsantandreu\/wp-json\/wp\/v2\/tags?post=3516"}],"curies":[{"name":"wp","href":"https:\/\/api.w.org\/{rel}","templated":true}]}}