{"id":3493,"date":"2020-04-08T11:47:05","date_gmt":"2020-04-08T09:47:05","guid":{"rendered":"https:\/\/agora.xtec.cat\/ceip-agsantandreu\/?p=3493"},"modified":"2020-05-11T20:36:25","modified_gmt":"2020-05-11T18:36:25","slug":"a-totes-les-families-nens-i-nenes","status":"publish","type":"post","link":"https:\/\/agora.xtec.cat\/ceip-agsantandreu\/general\/a-totes-les-families-nens-i-nenes\/","title":{"rendered":"A totes les fam\u00edlies, nens i nenes&#8230;"},"content":{"rendered":"<p><a href=\"https:\/\/agora.xtec.cat\/ceip-agsantandreu\/wp-content\/uploads\/usu37\/2020\/04\/Collage-escola2.jpg\"><img loading=\"lazy\" decoding=\"async\" class=\"wp-image-3505 alignleft\" src=\"https:\/\/agora.xtec.cat\/ceip-agsantandreu\/wp-content\/uploads\/usu37\/2020\/04\/Collage-escola2-1024x657.jpg\" alt=\"\" width=\"404\" height=\"259\" srcset=\"https:\/\/agora.xtec.cat\/ceip-agsantandreu\/wp-content\/uploads\/usu37\/2020\/04\/Collage-escola2-1024x657.jpg 1024w, https:\/\/agora.xtec.cat\/ceip-agsantandreu\/wp-content\/uploads\/usu37\/2020\/04\/Collage-escola2-300x192.jpg 300w, https:\/\/agora.xtec.cat\/ceip-agsantandreu\/wp-content\/uploads\/usu37\/2020\/04\/Collage-escola2-768x492.jpg 768w, https:\/\/agora.xtec.cat\/ceip-agsantandreu\/wp-content\/uploads\/usu37\/2020\/04\/Collage-escola2.jpg 1293w\" sizes=\"auto, (max-width: 404px) 100vw, 404px\" \/><\/a><\/p>\n<p>Benvolgudes fam\u00edlies, nens i nenes,<\/p>\n<p>Totes les persones que treballem a l&#8217;escola (el conserge, l&#8217;administrativa, l<span style=\"font-family: inherit; font-size: 1em;\">&#8216;equip de menjador, els monitors\/es d&#8217;acollida i extraescolars, el professorat i l&#8217;equip directiu) us trobem molt a faltar i tenim mo<\/span>ltes ganes de tornar-vos a veure.<\/p>\n<p>\u00c9s una situaci\u00f3 especial en la que us volem fer saber que malgrat la dist\u00e0ncia, estem al vostre costat i volem participar del vostre dia a dia. Mai ens hav\u00edem demanat una cosa tan f\u00e0cil, per\u00f2 tant important\u00a0 <span style=\"color: #ff0000;\">#QuedatACasa<\/span><\/p>\n<p>Nosaltres tamb\u00e9 ens quedem a casa.<\/p>\n<p>Si entreu al bloc de cada cicle trobareu una sorpresa que us ha preparat cada equip docent amb m<span style=\"font-family: inherit; font-size: 1em;\">olta il\u00b7lusi\u00f3.<\/span><\/p>\n<p>Estem en contacte, tot anir\u00e0 b\u00e9!!<\/p>\n","protected":false},"excerpt":{"rendered":"<p><a href=\"https:\/\/agora.xtec.cat\/ceip-agsantandreu\/wp-content\/uploads\/usu37\/2020\/04\/Collage-escola2.jpg\"><\/a><br \/>\nBenvolgudes fam\u00edlies, nens i nenes,<br \/>\nTotes les persones que treballem a l&#8217;escola (el conserge, l&#8217;administrativa, l&#8216;equip de menjador, els monitors\/es d&#8217;acollida i extraescolars, el professorat i l&#8217;equip directiu) us trobem molt a faltar i tenim moltes ganes de tornar-vos a veure.<br \/>\n\u00c9s una situaci\u00f3 especial en&hellip;  <a href=\"https:\/\/agora.xtec.cat\/ceip-agsantandreu\/general\/a-totes-les-families-nens-i-nenes\/\" title=\"Read A totes les fam\u00edlies, nens i nenes&#8230;\">Llegeix m\u00e9s\u00bb<\/a><\/p>\n","protected":false},"author":1,"featured_media":0,"comment_status":"closed","ping_status":"closed","sticky":false,"template":"","format":"standard","meta":{"_bbp_topic_count":0,"_bbp_reply_count":0,"_bbp_total_topic_count":0,"_bbp_total_reply_count":0,"_bbp_voice_count":0,"_bbp_anonymous_reply_count":0,"_bbp_topic_count_hidden":0,"_bbp_reply_count_hidden":0,"_bbp_forum_subforum_count":0,"footnotes":""},"categories":[1,4],"tags":[],"class_list":["post-3493","post","type-post","status-publish","format-standard","hentry","category-general","category-portada"],"post_mailing_queue_ids":[],"_links":{"self":[{"href":"https:\/\/agora.xtec.cat\/ceip-agsantandreu\/wp-json\/wp\/v2\/posts\/3493","targetHints":{"allow":["GET"]}}],"collection":[{"href":"https:\/\/agora.xtec.cat\/ceip-agsantandreu\/wp-json\/wp\/v2\/posts"}],"about":[{"href":"https:\/\/agora.xtec.cat\/ceip-agsantandreu\/wp-json\/wp\/v2\/types\/post"}],"author":[{"embeddable":true,"href":"https:\/\/agora.xtec.cat\/ceip-agsantandreu\/wp-json\/wp\/v2\/users\/1"}],"replies":[{"embeddable":true,"href":"https:\/\/agora.xtec.cat\/ceip-agsantandreu\/wp-json\/wp\/v2\/comments?post=3493"}],"version-history":[{"count":3,"href":"https:\/\/agora.xtec.cat\/ceip-agsantandreu\/wp-json\/wp\/v2\/posts\/3493\/revisions"}],"predecessor-version":[{"id":3770,"href":"https:\/\/agora.xtec.cat\/ceip-agsantandreu\/wp-json\/wp\/v2\/posts\/3493\/revisions\/3770"}],"wp:attachment":[{"href":"https:\/\/agora.xtec.cat\/ceip-agsantandreu\/wp-json\/wp\/v2\/media?parent=3493"}],"wp:term":[{"taxonomy":"category","embeddable":true,"href":"https:\/\/agora.xtec.cat\/ceip-agsantandreu\/wp-json\/wp\/v2\/categories?post=3493"},{"taxonomy":"post_tag","embeddable":true,"href":"https:\/\/agora.xtec.cat\/ceip-agsantandreu\/wp-json\/wp\/v2\/tags?post=3493"}],"curies":[{"name":"wp","href":"https:\/\/api.w.org\/{rel}","templated":true}]}}