{"id":3419,"date":"2020-03-30T10:15:06","date_gmt":"2020-03-30T08:15:06","guid":{"rendered":"https:\/\/agora.xtec.cat\/ceip-agsantandreu\/?p=3419"},"modified":"2020-05-11T20:38:22","modified_gmt":"2020-05-11T18:38:22","slug":"tot-anira-be","status":"publish","type":"post","link":"https:\/\/agora.xtec.cat\/ceip-agsantandreu\/general\/tot-anira-be\/","title":{"rendered":"Tot anir\u00e0 b\u00e9"},"content":{"rendered":"<p><img loading=\"lazy\" decoding=\"async\" class=\"aligncenter\" src=\"https:\/\/agora.xtec.cat\/ceip-agsantandreu\/wp-content\/uploads\/usu37\/2020\/03\/arcoirisweb.png\" width=\"340\" height=\"252\" \/><\/p>\n<p style=\"text-align: justify;\">Benvolgudes families i alumnes, com ja sabeu, l&#8217;estat d&#8217;alarma decretat pel govern ha estat perllongat.<\/p>\n<p style=\"text-align: justify;\">Aprofitem per informar-vos que TV3 i Catalunya R\u00e0dio han arribat a un acord amb el Departament d\u2019Educaci\u00f3 per fer difusi\u00f3 a trav\u00e9s de la seva programaci\u00f3 de les orientacions i consells que el Departament ha fet arribar als centres educatius per contribuir a l\u2019aprenentatge de tot l\u2019alumnat. En el cas de Televisi\u00f3 de Catalunya, es far\u00e0 a trav\u00e9s de diferents programes del canal Super3 i del nou format digital <a href=\"https:\/\/www.ccma.cat\/tv3\/super3\/avui_aprenem\/\">\u201cAvui aprenem\u201d<\/a>, un recull de peces o c\u00e0psules divulgatives sobre diferents \u00e0mbits. I, en el de Catalunya R\u00e0dio, es far\u00e0 en la programaci\u00f3 excepcional d\u2019aquests dies a les emissores de Catalunya R\u00e0dio i d\u2019iCat.<\/p>\n<p>Aqu\u00ed teniu els enlla\u00e7os a alguns d&#8217;aquests programes del canal Super3:\u00a0 <em>(per accedir-hi cliqueu al text en color)<\/em><\/p>\n<ul>\n<li style=\"text-align: justify;\"><a href=\"https:\/\/www.ccma.cat\/tv3\/super3\/una-ma-de-contes\/\" target=\"_blank\" rel=\"noopener noreferrer\">Una ma de contes<\/a><\/li>\n<li><a href=\"https:\/\/www.ccma.cat\/tv3\/super3\/dinamiks\/\" target=\"_blank\" rel=\"noopener noreferrer\">Din\u00e0miks <\/a>\u00a0<em>programa de ci\u00e8ncia<\/em><\/li>\n<li><a href=\"https:\/\/www.ccma.cat\/tv3\/super3\/infok\/\" target=\"_blank\" rel=\"noopener noreferrer\">InfoK<\/a> \u00a0<em>informatiu infantil i juvenil<\/em><\/li>\n<li><a href=\"https:\/\/www.ccma.cat\/tv3\/super3\/manduka\/\" target=\"_blank\" rel=\"noopener noreferrer\">Manduka<\/a> <em>espai de cuina<\/em><\/li>\n<li><a href=\"https:\/\/www.ccma.cat\/tv3\/super3\/fish-and-chips\/\" target=\"_blank\" rel=\"noopener noreferrer\">Fish &amp; Chisps<\/a> <em>concurs d&#8217;angl\u00e8s<\/em><\/li>\n<\/ul>\n<p style=\"text-align: justify;\">Catalunya R\u00e0dio, per la seva banda, tamb\u00e9 far\u00e0 divulgaci\u00f3 d\u2019eines i accions telem\u00e0tiques adre\u00e7ades als alumnes a trav\u00e9s de les xarxes socials als espais \u201cAdolescents iCat\u201d i \u201diCat Kids&#8221;.<\/p>\n<p>Tamb\u00e9 dins de la programaci\u00f3 del canal Clan TV trobareu <a href=\"https:\/\/www.rtve.es\/educlan\/\">Educlan<\/a>, es tracta d&#8217;una eina educativa adre\u00e7ada a nens i nenes de 3 a 10 anys.<\/p>\n","protected":false},"excerpt":{"rendered":"<p>Benvolgudes families i alumnes, com ja sabeu, l&#8217;estat d&#8217;alarma decretat pel govern ha estat perllongat.<br \/>\nAprofitem per informar-vos que TV3 i Catalunya R\u00e0dio han arribat a un acord amb el Departament d\u2019Educaci\u00f3 per fer difusi\u00f3 a trav\u00e9s de la seva programaci\u00f3 de les orientacions i consells&hellip;  <a href=\"https:\/\/agora.xtec.cat\/ceip-agsantandreu\/general\/tot-anira-be\/\" title=\"Read Tot anir\u00e0 b\u00e9\">Llegeix m\u00e9s\u00bb<\/a><\/p>\n","protected":false},"author":1,"featured_media":3432,"comment_status":"closed","ping_status":"closed","sticky":false,"template":"","format":"standard","meta":{"_bbp_topic_count":0,"_bbp_reply_count":0,"_bbp_total_topic_count":0,"_bbp_total_reply_count":0,"_bbp_voice_count":0,"_bbp_anonymous_reply_count":0,"_bbp_topic_count_hidden":0,"_bbp_reply_count_hidden":0,"_bbp_forum_subforum_count":0,"footnotes":""},"categories":[1,4],"tags":[],"class_list":["post-3419","post","type-post","status-publish","format-standard","has-post-thumbnail","hentry","category-general","category-portada"],"post_mailing_queue_ids":[],"_links":{"self":[{"href":"https:\/\/agora.xtec.cat\/ceip-agsantandreu\/wp-json\/wp\/v2\/posts\/3419","targetHints":{"allow":["GET"]}}],"collection":[{"href":"https:\/\/agora.xtec.cat\/ceip-agsantandreu\/wp-json\/wp\/v2\/posts"}],"about":[{"href":"https:\/\/agora.xtec.cat\/ceip-agsantandreu\/wp-json\/wp\/v2\/types\/post"}],"author":[{"embeddable":true,"href":"https:\/\/agora.xtec.cat\/ceip-agsantandreu\/wp-json\/wp\/v2\/users\/1"}],"replies":[{"embeddable":true,"href":"https:\/\/agora.xtec.cat\/ceip-agsantandreu\/wp-json\/wp\/v2\/comments?post=3419"}],"version-history":[{"count":3,"href":"https:\/\/agora.xtec.cat\/ceip-agsantandreu\/wp-json\/wp\/v2\/posts\/3419\/revisions"}],"predecessor-version":[{"id":3434,"href":"https:\/\/agora.xtec.cat\/ceip-agsantandreu\/wp-json\/wp\/v2\/posts\/3419\/revisions\/3434"}],"wp:featuredmedia":[{"embeddable":true,"href":"https:\/\/agora.xtec.cat\/ceip-agsantandreu\/wp-json\/wp\/v2\/media\/3432"}],"wp:attachment":[{"href":"https:\/\/agora.xtec.cat\/ceip-agsantandreu\/wp-json\/wp\/v2\/media?parent=3419"}],"wp:term":[{"taxonomy":"category","embeddable":true,"href":"https:\/\/agora.xtec.cat\/ceip-agsantandreu\/wp-json\/wp\/v2\/categories?post=3419"},{"taxonomy":"post_tag","embeddable":true,"href":"https:\/\/agora.xtec.cat\/ceip-agsantandreu\/wp-json\/wp\/v2\/tags?post=3419"}],"curies":[{"name":"wp","href":"https:\/\/api.w.org\/{rel}","templated":true}]}}