{"id":3358,"date":"2020-03-24T18:14:50","date_gmt":"2020-03-24T17:14:50","guid":{"rendered":"https:\/\/agora.xtec.cat\/ceip-agsantandreu\/?p=3358"},"modified":"2020-03-24T18:54:51","modified_gmt":"2020-03-24T17:54:51","slug":"informacio-a-les-families-de-cicle-inicial","status":"publish","type":"post","link":"https:\/\/agora.xtec.cat\/ceip-agsantandreu\/comunitats\/mitjans\/informacio-a-les-families-de-cicle-inicial\/","title":{"rendered":"Informaci\u00f3 a les fam\u00edlies de Cicle Inicial"},"content":{"rendered":"<p>Benvolguts i benvolgudes,<\/p>\n<p>Primer de tot esperem que tots estigueu b\u00e9 davant aquesta situaci\u00f3 nova que ens toca viure.<\/p>\n<p>Durant aquests dies l&#8217;equip de mestres del cicle inicial enviarem diferents propostes d\u2019activitats setmanals per tal que els alumnes puguin refor\u00e7ar els continguts treballats durant aquest curs des de casa.<\/p>\n<p>Dimecres de cada setmana penjarem al bloc de l\u2019escola propostes d\u2019activitats per fer durant la setmana.Tamb\u00e9 podeu realitzar les activitats que veu rebre per correu electr\u00f2nic.<\/p>\n<p>Recordeu que les propostes s\u00f3n volunt\u00e0ries i no seran avaluables, per\u00f2 que poden servir als vostres fills i filles per continuar treballant d\u2019una manera m\u00e9s din\u00e0mica. \u00c9s important seguir una rutina, i mantenir- la en la mesura del possible. Establir un horari i escriure&#8217;l en un paper, pot ajudar a anticipar qu\u00e8 passar\u00e0 aquell dia.<\/p>\n<p>A m\u00e9s d&#8217;aquestes recomanacions, estem a la vostra disposici\u00f3 per si necessiteu posar-vos en contacte amb nosaltres per qualsevol dubte que us pugui sorgir a l\u2019hora de fer les feines.\u00a0Ho podeu fer a trav\u00e9s dels correus: primer\u00a0 <a href=\"mailto:eagprimer@gmail.com\">eagprimer@gmail.com<\/a> \u00a0i per segon <a href=\"mailto:coordinacioinicial20@gmail.com\">coordinacioinicial20@gmail.com<\/a>.<\/p>\n<p>Molts \u00e0nims a tothom.<\/p>\n<p>Cordialment,\u00a0 \u00a0 \u00a0 \u00a0 \u00a0 \u00a0 Mestres de Cicle Inicial.<\/p>\n<p>&nbsp;<\/p>\n","protected":false},"excerpt":{"rendered":"<p>Benvolguts i benvolgudes,<br \/>\nPrimer de tot esperem que tots estigueu b\u00e9 davant aquesta situaci\u00f3 nova que ens toca viure.<br \/>\nDurant aquests dies l&#8217;equip de mestres del cicle inicial enviarem diferents propostes d\u2019activitats setmanals per tal que els alumnes puguin refor\u00e7ar els continguts treballats durant aquest curs des&hellip;  <a href=\"https:\/\/agora.xtec.cat\/ceip-agsantandreu\/comunitats\/mitjans\/informacio-a-les-families-de-cicle-inicial\/\" title=\"Read Informaci\u00f3 a les fam\u00edlies de Cicle Inicial\">Llegeix m\u00e9s\u00bb<\/a><\/p>\n","protected":false},"author":3,"featured_media":0,"comment_status":"closed","ping_status":"closed","sticky":false,"template":"","format":"standard","meta":{"_bbp_topic_count":0,"_bbp_reply_count":0,"_bbp_total_topic_count":0,"_bbp_total_reply_count":0,"_bbp_voice_count":0,"_bbp_anonymous_reply_count":0,"_bbp_topic_count_hidden":0,"_bbp_reply_count_hidden":0,"_bbp_forum_subforum_count":0,"footnotes":""},"categories":[5],"tags":[],"class_list":["post-3358","post","type-post","status-publish","format-standard","hentry","category-mitjans"],"post_mailing_queue_ids":[],"_links":{"self":[{"href":"https:\/\/agora.xtec.cat\/ceip-agsantandreu\/wp-json\/wp\/v2\/posts\/3358","targetHints":{"allow":["GET"]}}],"collection":[{"href":"https:\/\/agora.xtec.cat\/ceip-agsantandreu\/wp-json\/wp\/v2\/posts"}],"about":[{"href":"https:\/\/agora.xtec.cat\/ceip-agsantandreu\/wp-json\/wp\/v2\/types\/post"}],"author":[{"embeddable":true,"href":"https:\/\/agora.xtec.cat\/ceip-agsantandreu\/wp-json\/wp\/v2\/users\/3"}],"replies":[{"embeddable":true,"href":"https:\/\/agora.xtec.cat\/ceip-agsantandreu\/wp-json\/wp\/v2\/comments?post=3358"}],"version-history":[{"count":4,"href":"https:\/\/agora.xtec.cat\/ceip-agsantandreu\/wp-json\/wp\/v2\/posts\/3358\/revisions"}],"predecessor-version":[{"id":3370,"href":"https:\/\/agora.xtec.cat\/ceip-agsantandreu\/wp-json\/wp\/v2\/posts\/3358\/revisions\/3370"}],"wp:attachment":[{"href":"https:\/\/agora.xtec.cat\/ceip-agsantandreu\/wp-json\/wp\/v2\/media?parent=3358"}],"wp:term":[{"taxonomy":"category","embeddable":true,"href":"https:\/\/agora.xtec.cat\/ceip-agsantandreu\/wp-json\/wp\/v2\/categories?post=3358"},{"taxonomy":"post_tag","embeddable":true,"href":"https:\/\/agora.xtec.cat\/ceip-agsantandreu\/wp-json\/wp\/v2\/tags?post=3358"}],"curies":[{"name":"wp","href":"https:\/\/api.w.org\/{rel}","templated":true}]}}