{"id":3324,"date":"2020-03-24T19:00:38","date_gmt":"2020-03-24T18:00:38","guid":{"rendered":"https:\/\/agora.xtec.cat\/ceip-agsantandreu\/?p=3324"},"modified":"2020-04-15T09:11:31","modified_gmt":"2020-04-15T07:11:31","slug":"treballem-a-casa","status":"publish","type":"post","link":"https:\/\/agora.xtec.cat\/ceip-agsantandreu\/comunitats\/mitjans\/treballem-a-casa\/","title":{"rendered":"ACTIVITATS DE 1r"},"content":{"rendered":"<p style=\"text-align: left\">Hola fam\u00edlies!! Aqu\u00ed teniu l&#8217;enlla\u00e7 per accedir a les activitats que us proposem les mestres i els mestres de primer.<\/p>\n<p><img loading=\"lazy\" decoding=\"async\" class=\"aligncenter wp-image-3321 size-medium\" src=\"https:\/\/agora.xtec.cat\/ceip-agsantandreu\/wp-content\/uploads\/usu37\/2020\/03\/TITOL-CASA-33-300x76.jpg\" alt=\"\" width=\"300\" height=\"76\" srcset=\"https:\/\/agora.xtec.cat\/ceip-agsantandreu\/wp-content\/uploads\/usu37\/2020\/03\/TITOL-CASA-33-300x76.jpg 300w, https:\/\/agora.xtec.cat\/ceip-agsantandreu\/wp-content\/uploads\/usu37\/2020\/03\/TITOL-CASA-33-768x193.jpg 768w, https:\/\/agora.xtec.cat\/ceip-agsantandreu\/wp-content\/uploads\/usu37\/2020\/03\/TITOL-CASA-33.jpg 933w\" sizes=\"auto, (max-width: 300px) 100vw, 300px\" \/><\/p>\n<p style=\"text-align: center\">Clica\u00a0<a href=\"https:\/\/drive.google.com\/file\/d\/1jO7xoMFyXY5fxa_zm90el6_rDwgGEZEx\/view?usp=sharing\">aqu\u00ed<\/a> per descarregar les activitats (1abril -7abril)<\/p>\n<p style=\"text-align: center\">\u00a0 \u00a0Clica <a href=\"https:\/\/drive.google.com\/open?id=1cDJ6WDuNqjltr-qc7-V0YSnN2VNxyMlR\">aqu\u00ed<\/a> per descarregar les activitats (15 abril &#8211; 21 abril)<\/p>\n","protected":false},"excerpt":{"rendered":"<p>Hola fam\u00edlies!! Aqu\u00ed teniu l&#8217;enlla\u00e7 per accedir a les activitats que us proposem les mestres i els mestres de primer.<\/p>\n<p>Clica\u00a0<a href=\"https:\/\/drive.google.com\/file\/d\/1jO7xoMFyXY5fxa_zm90el6_rDwgGEZEx\/view?usp=sharing\">aqu\u00ed<\/a> per descarregar les activitats (1abril -7abril)<br \/>\n\u00a0 \u00a0Clica <a href=\"https:\/\/drive.google.com\/open?id=1cDJ6WDuNqjltr-qc7-V0YSnN2VNxyMlR\">aqu\u00ed<\/a> per descarregar les activitats (15 abril &#8211; 21 abril)<\/p>\n","protected":false},"author":3,"featured_media":3321,"comment_status":"closed","ping_status":"closed","sticky":false,"template":"","format":"standard","meta":{"_bbp_topic_count":0,"_bbp_reply_count":0,"_bbp_total_topic_count":0,"_bbp_total_reply_count":0,"_bbp_voice_count":0,"_bbp_anonymous_reply_count":0,"_bbp_topic_count_hidden":0,"_bbp_reply_count_hidden":0,"_bbp_forum_subforum_count":0,"footnotes":""},"categories":[5],"tags":[],"class_list":["post-3324","post","type-post","status-publish","format-standard","has-post-thumbnail","hentry","category-mitjans"],"post_mailing_queue_ids":[],"_links":{"self":[{"href":"https:\/\/agora.xtec.cat\/ceip-agsantandreu\/wp-json\/wp\/v2\/posts\/3324","targetHints":{"allow":["GET"]}}],"collection":[{"href":"https:\/\/agora.xtec.cat\/ceip-agsantandreu\/wp-json\/wp\/v2\/posts"}],"about":[{"href":"https:\/\/agora.xtec.cat\/ceip-agsantandreu\/wp-json\/wp\/v2\/types\/post"}],"author":[{"embeddable":true,"href":"https:\/\/agora.xtec.cat\/ceip-agsantandreu\/wp-json\/wp\/v2\/users\/3"}],"replies":[{"embeddable":true,"href":"https:\/\/agora.xtec.cat\/ceip-agsantandreu\/wp-json\/wp\/v2\/comments?post=3324"}],"version-history":[{"count":4,"href":"https:\/\/agora.xtec.cat\/ceip-agsantandreu\/wp-json\/wp\/v2\/posts\/3324\/revisions"}],"predecessor-version":[{"id":3596,"href":"https:\/\/agora.xtec.cat\/ceip-agsantandreu\/wp-json\/wp\/v2\/posts\/3324\/revisions\/3596"}],"wp:featuredmedia":[{"embeddable":true,"href":"https:\/\/agora.xtec.cat\/ceip-agsantandreu\/wp-json\/wp\/v2\/media\/3321"}],"wp:attachment":[{"href":"https:\/\/agora.xtec.cat\/ceip-agsantandreu\/wp-json\/wp\/v2\/media?parent=3324"}],"wp:term":[{"taxonomy":"category","embeddable":true,"href":"https:\/\/agora.xtec.cat\/ceip-agsantandreu\/wp-json\/wp\/v2\/categories?post=3324"},{"taxonomy":"post_tag","embeddable":true,"href":"https:\/\/agora.xtec.cat\/ceip-agsantandreu\/wp-json\/wp\/v2\/tags?post=3324"}],"curies":[{"name":"wp","href":"https:\/\/api.w.org\/{rel}","templated":true}]}}