{"id":3246,"date":"2020-03-12T14:50:37","date_gmt":"2020-03-12T13:50:37","guid":{"rendered":"https:\/\/agora.xtec.cat\/ceip-agsantandreu\/?p=3246"},"modified":"2020-03-13T13:36:14","modified_gmt":"2020-03-13T12:36:14","slug":"setmana-cultural-a-4t","status":"publish","type":"post","link":"https:\/\/agora.xtec.cat\/ceip-agsantandreu\/portada\/setmana-cultural-a-4t\/","title":{"rendered":"Setmana Cultural a 4t"},"content":{"rendered":"<p><a href=\"https:\/\/agora.xtec.cat\/ceip-agsantandreu\/portada\/setmana-cultural-a-4t\/attachment\/img_5459\/\" rel=\"attachment wp-att-3248\"><img loading=\"lazy\" decoding=\"async\" class=\"aligncenter size-medium wp-image-3248\" src=\"https:\/\/agora.xtec.cat\/ceip-agsantandreu\/wp-content\/uploads\/usu37\/2020\/03\/IMG_5459-300x225.jpg\" alt=\"\" width=\"300\" height=\"225\" srcset=\"https:\/\/agora.xtec.cat\/ceip-agsantandreu\/wp-content\/uploads\/usu37\/2020\/03\/IMG_5459-300x225.jpg 300w, https:\/\/agora.xtec.cat\/ceip-agsantandreu\/wp-content\/uploads\/usu37\/2020\/03\/IMG_5459-200x150.jpg 200w, https:\/\/agora.xtec.cat\/ceip-agsantandreu\/wp-content\/uploads\/usu37\/2020\/03\/IMG_5459.jpg 640w\" sizes=\"auto, (max-width: 300px) 100vw, 300px\" \/><\/a><\/p>\n<p>Aquesta setmana hem celebrat a l&#8217;escola la Setmana Cultural, relacionada aquesta vegada amb els jocs ol\u00edmpics. Han estat uns dies engrescadors i amb diferents activitats i tallers en els quals hem apr\u00e8s, hem compartit i ens hem divertit molt.<\/p>\n<p>Nosaltres vam triar com a seu ol\u00edmpica Londres 2012, es per aix\u00f2 que sobretot la nostra decoraci\u00f3 estava relacionada amb aquesta ciutat. Per\u00f2 tamb\u00e9, hem conegut m\u00e9s coses sobre les altres seus que han hagut al llarg del temps.<\/p>\n<p>Des d&#8217;aqu\u00ed volem agrair, la col\u00b7laboraci\u00f3 de les fam\u00edlies que han volgut participar i ajudar-nos durant aquests dies.<\/p>\n<p>Aqu\u00ed us deixem un recull d&#8217;alguns dels moments.<\/p>\n<p><a href=\"https:\/\/photos.app.goo.gl\/MUH4K7TX6AXb5t5NA\">FOTOS\u00a0\u00a0<\/a><\/p>\n","protected":false},"excerpt":{"rendered":"<p><a href=\"https:\/\/agora.xtec.cat\/ceip-agsantandreu\/portada\/setmana-cultural-a-4t\/attachment\/img_5459\/\" rel=\"attachment wp-att-3248\"><\/a><br \/>\nAquesta setmana hem celebrat a l&#8217;escola la Setmana Cultural, relacionada aquesta vegada amb els jocs ol\u00edmpics. Han estat uns dies engrescadors i amb diferents activitats i tallers en els quals hem apr\u00e8s, hem compartit i ens hem divertit molt.<br \/>\nNosaltres vam triar com&hellip;  <a href=\"https:\/\/agora.xtec.cat\/ceip-agsantandreu\/portada\/setmana-cultural-a-4t\/\" title=\"Read Setmana Cultural a 4t\">Llegeix m\u00e9s\u00bb<\/a><\/p>\n","protected":false},"author":3,"featured_media":0,"comment_status":"closed","ping_status":"closed","sticky":false,"template":"","format":"standard","meta":{"_bbp_topic_count":0,"_bbp_reply_count":0,"_bbp_total_topic_count":0,"_bbp_total_reply_count":0,"_bbp_voice_count":0,"_bbp_anonymous_reply_count":0,"_bbp_topic_count_hidden":0,"_bbp_reply_count_hidden":0,"_bbp_forum_subforum_count":0,"footnotes":""},"categories":[58,4],"tags":[],"class_list":["post-3246","post","type-post","status-publish","format-standard","hentry","category-mitjans-mitjans","category-portada"],"post_mailing_queue_ids":[],"_links":{"self":[{"href":"https:\/\/agora.xtec.cat\/ceip-agsantandreu\/wp-json\/wp\/v2\/posts\/3246","targetHints":{"allow":["GET"]}}],"collection":[{"href":"https:\/\/agora.xtec.cat\/ceip-agsantandreu\/wp-json\/wp\/v2\/posts"}],"about":[{"href":"https:\/\/agora.xtec.cat\/ceip-agsantandreu\/wp-json\/wp\/v2\/types\/post"}],"author":[{"embeddable":true,"href":"https:\/\/agora.xtec.cat\/ceip-agsantandreu\/wp-json\/wp\/v2\/users\/3"}],"replies":[{"embeddable":true,"href":"https:\/\/agora.xtec.cat\/ceip-agsantandreu\/wp-json\/wp\/v2\/comments?post=3246"}],"version-history":[{"count":3,"href":"https:\/\/agora.xtec.cat\/ceip-agsantandreu\/wp-json\/wp\/v2\/posts\/3246\/revisions"}],"predecessor-version":[{"id":3261,"href":"https:\/\/agora.xtec.cat\/ceip-agsantandreu\/wp-json\/wp\/v2\/posts\/3246\/revisions\/3261"}],"wp:attachment":[{"href":"https:\/\/agora.xtec.cat\/ceip-agsantandreu\/wp-json\/wp\/v2\/media?parent=3246"}],"wp:term":[{"taxonomy":"category","embeddable":true,"href":"https:\/\/agora.xtec.cat\/ceip-agsantandreu\/wp-json\/wp\/v2\/categories?post=3246"},{"taxonomy":"post_tag","embeddable":true,"href":"https:\/\/agora.xtec.cat\/ceip-agsantandreu\/wp-json\/wp\/v2\/tags?post=3246"}],"curies":[{"name":"wp","href":"https:\/\/api.w.org\/{rel}","templated":true}]}}