{"id":3242,"date":"2020-03-12T14:35:26","date_gmt":"2020-03-12T13:35:26","guid":{"rendered":"https:\/\/agora.xtec.cat\/ceip-agsantandreu\/?p=3242"},"modified":"2020-03-13T13:37:31","modified_gmt":"2020-03-13T12:37:31","slug":"setmana-cultural-a-primer","status":"publish","type":"post","link":"https:\/\/agora.xtec.cat\/ceip-agsantandreu\/general\/setmana-cultural-a-primer\/","title":{"rendered":"Setmana Cultural a primer"},"content":{"rendered":"<p>Aquesta setmana ha estat especial per a tota l&#8217;escola, hem celebrat la Setmana Cultural &#8220;\u00c0ngel Guimer\u00e0 escola ol\u00edmpica&#8221;. Les nenes i els nens de primer hem fet moltes activitats diferents al llarg de la setmana i hem apr\u00e8s moltes coses interessants sobre Gr\u00e8cia i els Jocs Ol\u00edmpics. Tamb\u00e9 hem rebut la visita d&#8217;algunes fam\u00edlies que han volgut participar en aquestes jornades i a les que li donem les gr\u00e0cies per compartir amb nosaltres una estoneta i fer-nos-ho passar molt b\u00e9. Aqu\u00ed us deixem una mostra de tot el que hem fet i fins la propera!!!<\/p>\n<p><a href=\"https:\/\/agora.xtec.cat\/ceip-agsantandreu\/general\/setmana-cultural-a-primer\/attachment\/portada-11\/\" rel=\"attachment wp-att-3243\"><img loading=\"lazy\" decoding=\"async\" class=\"aligncenter size-medium wp-image-3243\" src=\"https:\/\/agora.xtec.cat\/ceip-agsantandreu\/wp-content\/uploads\/usu37\/2020\/03\/portada-300x225.jpg\" alt=\"\" width=\"300\" height=\"225\" srcset=\"https:\/\/agora.xtec.cat\/ceip-agsantandreu\/wp-content\/uploads\/usu37\/2020\/03\/portada-300x225.jpg 300w, https:\/\/agora.xtec.cat\/ceip-agsantandreu\/wp-content\/uploads\/usu37\/2020\/03\/portada-768x576.jpg 768w, https:\/\/agora.xtec.cat\/ceip-agsantandreu\/wp-content\/uploads\/usu37\/2020\/03\/portada-1024x768.jpg 1024w, https:\/\/agora.xtec.cat\/ceip-agsantandreu\/wp-content\/uploads\/usu37\/2020\/03\/portada-200x150.jpg 200w\" sizes=\"auto, (max-width: 300px) 100vw, 300px\" \/><\/a><\/p>\n<p style=\"text-align: center;\"><a href=\"https:\/\/photos.app.goo.gl\/N25chAJPYfjGKG9F7\">FOTOS<\/a><\/p>\n","protected":false},"excerpt":{"rendered":"<p>Aquesta setmana ha estat especial per a tota l&#8217;escola, hem celebrat la Setmana Cultural &#8220;\u00c0ngel Guimer\u00e0 escola ol\u00edmpica&#8221;. Les nenes i els nens de primer hem fet moltes activitats diferents al llarg de la setmana i hem apr\u00e8s moltes coses interessants sobre Gr\u00e8cia i els&hellip;  <a href=\"https:\/\/agora.xtec.cat\/ceip-agsantandreu\/general\/setmana-cultural-a-primer\/\" title=\"Read Setmana Cultural a primer\">Llegeix m\u00e9s\u00bb<\/a><\/p>\n","protected":false},"author":3,"featured_media":0,"comment_status":"closed","ping_status":"closed","sticky":false,"template":"","format":"standard","meta":{"_bbp_topic_count":0,"_bbp_reply_count":0,"_bbp_total_topic_count":0,"_bbp_total_reply_count":0,"_bbp_voice_count":0,"_bbp_anonymous_reply_count":0,"_bbp_topic_count_hidden":0,"_bbp_reply_count_hidden":0,"_bbp_forum_subforum_count":0,"footnotes":""},"categories":[5,1,4],"tags":[],"class_list":["post-3242","post","type-post","status-publish","format-standard","hentry","category-mitjans","category-general","category-portada"],"post_mailing_queue_ids":[],"_links":{"self":[{"href":"https:\/\/agora.xtec.cat\/ceip-agsantandreu\/wp-json\/wp\/v2\/posts\/3242","targetHints":{"allow":["GET"]}}],"collection":[{"href":"https:\/\/agora.xtec.cat\/ceip-agsantandreu\/wp-json\/wp\/v2\/posts"}],"about":[{"href":"https:\/\/agora.xtec.cat\/ceip-agsantandreu\/wp-json\/wp\/v2\/types\/post"}],"author":[{"embeddable":true,"href":"https:\/\/agora.xtec.cat\/ceip-agsantandreu\/wp-json\/wp\/v2\/users\/3"}],"replies":[{"embeddable":true,"href":"https:\/\/agora.xtec.cat\/ceip-agsantandreu\/wp-json\/wp\/v2\/comments?post=3242"}],"version-history":[{"count":3,"href":"https:\/\/agora.xtec.cat\/ceip-agsantandreu\/wp-json\/wp\/v2\/posts\/3242\/revisions"}],"predecessor-version":[{"id":3263,"href":"https:\/\/agora.xtec.cat\/ceip-agsantandreu\/wp-json\/wp\/v2\/posts\/3242\/revisions\/3263"}],"wp:attachment":[{"href":"https:\/\/agora.xtec.cat\/ceip-agsantandreu\/wp-json\/wp\/v2\/media?parent=3242"}],"wp:term":[{"taxonomy":"category","embeddable":true,"href":"https:\/\/agora.xtec.cat\/ceip-agsantandreu\/wp-json\/wp\/v2\/categories?post=3242"},{"taxonomy":"post_tag","embeddable":true,"href":"https:\/\/agora.xtec.cat\/ceip-agsantandreu\/wp-json\/wp\/v2\/tags?post=3242"}],"curies":[{"name":"wp","href":"https:\/\/api.w.org\/{rel}","templated":true}]}}