{"id":3240,"date":"2020-03-12T15:56:37","date_gmt":"2020-03-12T14:56:37","guid":{"rendered":"https:\/\/agora.xtec.cat\/ceip-agsantandreu\/?p=3240"},"modified":"2020-05-11T23:00:28","modified_gmt":"2020-05-11T21:00:28","slug":"anullacio-portes-obertes","status":"publish","type":"post","link":"https:\/\/agora.xtec.cat\/ceip-agsantandreu\/portada\/anullacio-portes-obertes\/","title":{"rendered":"Portes Obertes"},"content":{"rendered":"<h2><img loading=\"lazy\" decoding=\"async\" class=\"alignnone wp-image-3278\" src=\"https:\/\/agora.xtec.cat\/ceip-agsantandreu\/wp-content\/uploads\/usu37\/2020\/03\/Portes-obertes2020.jpg\" alt=\"\" width=\"1022\" height=\"225\" srcset=\"https:\/\/agora.xtec.cat\/ceip-agsantandreu\/wp-content\/uploads\/usu37\/2020\/03\/Portes-obertes2020.jpg 1018w, https:\/\/agora.xtec.cat\/ceip-agsantandreu\/wp-content\/uploads\/usu37\/2020\/03\/Portes-obertes2020-300x66.jpg 300w, https:\/\/agora.xtec.cat\/ceip-agsantandreu\/wp-content\/uploads\/usu37\/2020\/03\/Portes-obertes2020-768x169.jpg 768w\" sizes=\"auto, (max-width: 1022px) 100vw, 1022px\" \/><\/h2>\n<h4><span style=\"color: #000000;\">Donat que el Centre romandr\u00e0 tancat des del dia 13 al 27 de Mar\u00e7, seguint les instruccions del Departament de Salut i d&#8217;Educaci\u00f3, com a mesura excepcional per contenir el coronavirus,<\/span><span style=\"color: #ff0000;\"> s&#8217;anul\u00b7la la Jornada de Portes Obertes del dia 18 de Mar\u00e7.<\/span><\/h4>\n<h4><span style=\"color: #000000;\">Si voleu saber m\u00e9s de la nostra escola, us convidem a veure el <a href=\"https:\/\/youtu.be\/32XsIMJUC3I\"><span style=\"text-decoration: underline;\"><span style=\"color: #0000ff; text-decoration: underline;\">v\u00eddeo<\/span><\/span><\/a> (on mostrem el que fem al nostre centre) i a descarregar el nostre <span style=\"text-decoration: underline;\"><span style=\"color: #0000ff;\"><a style=\"color: #0000ff; text-decoration: underline;\" href=\"https:\/\/agora.xtec.cat\/ceip-agsantandreu\/wp-content\/uploads\/usu37\/2020\/03\/triptic-preins-20-21.pdf\">tr\u00edptic informatiu<\/a><\/span><\/span>.<\/span><\/h4>\n<h4><span style=\"color: #000000;\"> Trobareu tamb\u00e9 altres informacions del vostre inter\u00e8s dins del men\u00fa (situat a la part superior dreta d&#8217;aquesta p\u00e0gina).<\/span><\/h4>\n","protected":false},"excerpt":{"rendered":"<p>Donat que el Centre romandr\u00e0 tancat des del dia 13 al 27 de Mar\u00e7, seguint les instruccions del Departament de Salut i d&#8217;Educaci\u00f3, com a mesura excepcional per contenir el coronavirus, s&#8217;anul\u00b7la la Jornada de Portes Obertes del dia 18 de Mar\u00e7.<br \/>\nSi voleu saber m\u00e9s&hellip;  <a href=\"https:\/\/agora.xtec.cat\/ceip-agsantandreu\/portada\/anullacio-portes-obertes\/\" title=\"Read Portes Obertes\">Llegeix m\u00e9s\u00bb<\/a><\/p>\n","protected":false},"author":1,"featured_media":0,"comment_status":"closed","ping_status":"closed","sticky":false,"template":"","format":"standard","meta":{"_bbp_topic_count":0,"_bbp_reply_count":0,"_bbp_total_topic_count":0,"_bbp_total_reply_count":0,"_bbp_voice_count":0,"_bbp_anonymous_reply_count":0,"_bbp_topic_count_hidden":0,"_bbp_reply_count_hidden":0,"_bbp_forum_subforum_count":0,"footnotes":""},"categories":[4],"tags":[],"class_list":["post-3240","post","type-post","status-publish","format-standard","hentry","category-portada"],"post_mailing_queue_ids":[],"_links":{"self":[{"href":"https:\/\/agora.xtec.cat\/ceip-agsantandreu\/wp-json\/wp\/v2\/posts\/3240","targetHints":{"allow":["GET"]}}],"collection":[{"href":"https:\/\/agora.xtec.cat\/ceip-agsantandreu\/wp-json\/wp\/v2\/posts"}],"about":[{"href":"https:\/\/agora.xtec.cat\/ceip-agsantandreu\/wp-json\/wp\/v2\/types\/post"}],"author":[{"embeddable":true,"href":"https:\/\/agora.xtec.cat\/ceip-agsantandreu\/wp-json\/wp\/v2\/users\/1"}],"replies":[{"embeddable":true,"href":"https:\/\/agora.xtec.cat\/ceip-agsantandreu\/wp-json\/wp\/v2\/comments?post=3240"}],"version-history":[{"count":4,"href":"https:\/\/agora.xtec.cat\/ceip-agsantandreu\/wp-json\/wp\/v2\/posts\/3240\/revisions"}],"predecessor-version":[{"id":3787,"href":"https:\/\/agora.xtec.cat\/ceip-agsantandreu\/wp-json\/wp\/v2\/posts\/3240\/revisions\/3787"}],"wp:attachment":[{"href":"https:\/\/agora.xtec.cat\/ceip-agsantandreu\/wp-json\/wp\/v2\/media?parent=3240"}],"wp:term":[{"taxonomy":"category","embeddable":true,"href":"https:\/\/agora.xtec.cat\/ceip-agsantandreu\/wp-json\/wp\/v2\/categories?post=3240"},{"taxonomy":"post_tag","embeddable":true,"href":"https:\/\/agora.xtec.cat\/ceip-agsantandreu\/wp-json\/wp\/v2\/tags?post=3240"}],"curies":[{"name":"wp","href":"https:\/\/api.w.org\/{rel}","templated":true}]}}