{"id":3218,"date":"2020-03-12T14:01:47","date_gmt":"2020-03-12T13:01:47","guid":{"rendered":"https:\/\/agora.xtec.cat\/ceip-agsantandreu\/?p=3218"},"modified":"2020-03-12T14:13:45","modified_gmt":"2020-03-12T13:13:45","slug":"p4-visita-a-lhort","status":"publish","type":"post","link":"https:\/\/agora.xtec.cat\/ceip-agsantandreu\/comunitats\/petits\/p4-visita-a-lhort\/","title":{"rendered":"P4 visita a l&#8217;hort"},"content":{"rendered":"<p>Avui els alumnes de P4 hem visitat l\u2019hort de l\u2019escola. Hem pogut gaudir de veure el creixement de les plantes com: enciams, br\u00f2quils, faves, p\u00e8sols, carxofes, maduixes&#8230;. I tamb\u00e9 alguns arbres ja florits esperant el seu fruit com el presseguer i l\u2019ametller.<a href=\"https:\/\/agora.xtec.cat\/ceip-agsantandreu\/cicles\/infantil\/p4-visita-a-lhort\/attachment\/img_20200309_103355-copiar\/\" rel=\"attachment wp-att-3219\"><br \/>\n<\/a> <a href=\"https:\/\/agora.xtec.cat\/ceip-agsantandreu\/cicles\/infantil\/p4-visita-a-lhort\/attachment\/img_20200310_120248-copiar\/\" rel=\"attachment wp-att-3221\"><img loading=\"lazy\" decoding=\"async\" class=\"aligncenter size-medium wp-image-3221\" src=\"https:\/\/agora.xtec.cat\/ceip-agsantandreu\/wp-content\/uploads\/usu37\/2020\/03\/IMG_20200310_120248-Copiar-300x225.jpg\" alt=\"\" width=\"300\" height=\"225\" srcset=\"https:\/\/agora.xtec.cat\/ceip-agsantandreu\/wp-content\/uploads\/usu37\/2020\/03\/IMG_20200310_120248-Copiar-300x225.jpg 300w, https:\/\/agora.xtec.cat\/ceip-agsantandreu\/wp-content\/uploads\/usu37\/2020\/03\/IMG_20200310_120248-Copiar-768x576.jpg 768w, https:\/\/agora.xtec.cat\/ceip-agsantandreu\/wp-content\/uploads\/usu37\/2020\/03\/IMG_20200310_120248-Copiar.jpg 1024w, https:\/\/agora.xtec.cat\/ceip-agsantandreu\/wp-content\/uploads\/usu37\/2020\/03\/IMG_20200310_120248-Copiar-200x150.jpg 200w\" sizes=\"auto, (max-width: 300px) 100vw, 300px\" \/><\/a><\/p>\n<p><a href=\"https:\/\/photos.app.goo.gl\/hdEyyD68KK73UEmX8\">Clica aqu\u00ed per veure m\u00e9s fotos<\/a><\/p>\n","protected":false},"excerpt":{"rendered":"<p>Avui els alumnes de P4 hem visitat l\u2019hort de l\u2019escola. Hem pogut gaudir de veure el creixement de les plantes com: enciams, br\u00f2quils, faves, p\u00e8sols, carxofes, maduixes&#8230;. I tamb\u00e9 alguns arbres ja florits esperant el seu fruit com el presseguer i l\u2019ametller.<a href=\"https:\/\/agora.xtec.cat\/ceip-agsantandreu\/cicles\/infantil\/p4-visita-a-lhort\/attachment\/img_20200309_103355-copiar\/\" rel=\"attachment wp-att-3219\"><br \/>\n<\/a>&hellip;  <a href=\"https:\/\/agora.xtec.cat\/ceip-agsantandreu\/comunitats\/petits\/p4-visita-a-lhort\/\" title=\"Read P4 visita a l&#8217;hort\">Llegeix m\u00e9s\u00bb<\/a><\/p>\n","protected":false},"author":3,"featured_media":3221,"comment_status":"closed","ping_status":"closed","sticky":false,"template":"","format":"standard","meta":{"_bbp_topic_count":0,"_bbp_reply_count":0,"_bbp_total_topic_count":0,"_bbp_total_reply_count":0,"_bbp_voice_count":0,"_bbp_anonymous_reply_count":0,"_bbp_topic_count_hidden":0,"_bbp_reply_count_hidden":0,"_bbp_forum_subforum_count":0,"footnotes":""},"categories":[2,4],"tags":[],"class_list":["post-3218","post","type-post","status-publish","format-standard","has-post-thumbnail","hentry","category-petits","category-portada"],"post_mailing_queue_ids":[],"_links":{"self":[{"href":"https:\/\/agora.xtec.cat\/ceip-agsantandreu\/wp-json\/wp\/v2\/posts\/3218","targetHints":{"allow":["GET"]}}],"collection":[{"href":"https:\/\/agora.xtec.cat\/ceip-agsantandreu\/wp-json\/wp\/v2\/posts"}],"about":[{"href":"https:\/\/agora.xtec.cat\/ceip-agsantandreu\/wp-json\/wp\/v2\/types\/post"}],"author":[{"embeddable":true,"href":"https:\/\/agora.xtec.cat\/ceip-agsantandreu\/wp-json\/wp\/v2\/users\/3"}],"replies":[{"embeddable":true,"href":"https:\/\/agora.xtec.cat\/ceip-agsantandreu\/wp-json\/wp\/v2\/comments?post=3218"}],"version-history":[{"count":2,"href":"https:\/\/agora.xtec.cat\/ceip-agsantandreu\/wp-json\/wp\/v2\/posts\/3218\/revisions"}],"predecessor-version":[{"id":3223,"href":"https:\/\/agora.xtec.cat\/ceip-agsantandreu\/wp-json\/wp\/v2\/posts\/3218\/revisions\/3223"}],"wp:featuredmedia":[{"embeddable":true,"href":"https:\/\/agora.xtec.cat\/ceip-agsantandreu\/wp-json\/wp\/v2\/media\/3221"}],"wp:attachment":[{"href":"https:\/\/agora.xtec.cat\/ceip-agsantandreu\/wp-json\/wp\/v2\/media?parent=3218"}],"wp:term":[{"taxonomy":"category","embeddable":true,"href":"https:\/\/agora.xtec.cat\/ceip-agsantandreu\/wp-json\/wp\/v2\/categories?post=3218"},{"taxonomy":"post_tag","embeddable":true,"href":"https:\/\/agora.xtec.cat\/ceip-agsantandreu\/wp-json\/wp\/v2\/tags?post=3218"}],"curies":[{"name":"wp","href":"https:\/\/api.w.org\/{rel}","templated":true}]}}