{"id":3156,"date":"2020-02-21T16:07:55","date_gmt":"2020-02-21T15:07:55","guid":{"rendered":"https:\/\/agora.xtec.cat\/ceip-agsantandreu\/?p=3156"},"modified":"2020-02-21T16:32:12","modified_gmt":"2020-02-21T15:32:12","slug":"carnaval-a-cicle-inicial","status":"publish","type":"post","link":"https:\/\/agora.xtec.cat\/ceip-agsantandreu\/portada\/carnaval-a-cicle-inicial\/","title":{"rendered":"Carnaval a cicle inicial"},"content":{"rendered":"<p>Els nens i nenes de cicle inicial ens hem disfressat aquest mat\u00ed a l&#8217;escola i hem sortit a la rua! Per la tarda, cadasc\u00fa ha portat la seva disfressa i hem fet una festa al gimn\u00e0s! Ens ho hem passat d&#8217;all\u00f2 m\u00e9s b\u00e9! Mireu que guapos\/es que estem!<\/p>\n<p><a href=\"https:\/\/agora.xtec.cat\/ceip-agsantandreu\/portada\/carnaval-a-cicle-inicial\/attachment\/img-20200221-wa0018-copiar\/\" rel=\"attachment wp-att-3157\"><img loading=\"lazy\" decoding=\"async\" class=\"aligncenter size-medium wp-image-3157\" src=\"https:\/\/agora.xtec.cat\/ceip-agsantandreu\/wp-content\/uploads\/usu37\/2020\/02\/IMG-20200221-WA0018-Copiar-300x225.jpg\" alt=\"\" width=\"300\" height=\"225\" srcset=\"https:\/\/agora.xtec.cat\/ceip-agsantandreu\/wp-content\/uploads\/usu37\/2020\/02\/IMG-20200221-WA0018-Copiar-300x225.jpg 300w, https:\/\/agora.xtec.cat\/ceip-agsantandreu\/wp-content\/uploads\/usu37\/2020\/02\/IMG-20200221-WA0018-Copiar-768x576.jpg 768w, https:\/\/agora.xtec.cat\/ceip-agsantandreu\/wp-content\/uploads\/usu37\/2020\/02\/IMG-20200221-WA0018-Copiar.jpg 1024w, https:\/\/agora.xtec.cat\/ceip-agsantandreu\/wp-content\/uploads\/usu37\/2020\/02\/IMG-20200221-WA0018-Copiar-200x150.jpg 200w\" sizes=\"auto, (max-width: 300px) 100vw, 300px\" \/><\/a><\/p>\n<p><a href=\"https:\/\/photos.app.goo.gl\/j1YYwMXs4jKkeKheA\">Clica aqu\u00ed per veure m\u00e9s fotos<\/a><\/p>\n","protected":false},"excerpt":{"rendered":"<p>Els nens i nenes de cicle inicial ens hem disfressat aquest mat\u00ed a l&#8217;escola i hem sortit a la rua! Per la tarda, cadasc\u00fa ha portat la seva disfressa i hem fet una festa al gimn\u00e0s! Ens ho hem passat d&#8217;all\u00f2 m\u00e9s b\u00e9! Mireu que&hellip;  <a href=\"https:\/\/agora.xtec.cat\/ceip-agsantandreu\/portada\/carnaval-a-cicle-inicial\/\" title=\"Read Carnaval a cicle inicial\">Llegeix m\u00e9s\u00bb<\/a><\/p>\n","protected":false},"author":3,"featured_media":3157,"comment_status":"closed","ping_status":"closed","sticky":false,"template":"","format":"standard","meta":{"_bbp_topic_count":0,"_bbp_reply_count":0,"_bbp_total_topic_count":0,"_bbp_total_reply_count":0,"_bbp_voice_count":0,"_bbp_anonymous_reply_count":0,"_bbp_topic_count_hidden":0,"_bbp_reply_count_hidden":0,"_bbp_forum_subforum_count":0,"footnotes":""},"categories":[5,4],"tags":[],"class_list":["post-3156","post","type-post","status-publish","format-standard","has-post-thumbnail","hentry","category-mitjans","category-portada"],"post_mailing_queue_ids":[],"_links":{"self":[{"href":"https:\/\/agora.xtec.cat\/ceip-agsantandreu\/wp-json\/wp\/v2\/posts\/3156","targetHints":{"allow":["GET"]}}],"collection":[{"href":"https:\/\/agora.xtec.cat\/ceip-agsantandreu\/wp-json\/wp\/v2\/posts"}],"about":[{"href":"https:\/\/agora.xtec.cat\/ceip-agsantandreu\/wp-json\/wp\/v2\/types\/post"}],"author":[{"embeddable":true,"href":"https:\/\/agora.xtec.cat\/ceip-agsantandreu\/wp-json\/wp\/v2\/users\/3"}],"replies":[{"embeddable":true,"href":"https:\/\/agora.xtec.cat\/ceip-agsantandreu\/wp-json\/wp\/v2\/comments?post=3156"}],"version-history":[{"count":2,"href":"https:\/\/agora.xtec.cat\/ceip-agsantandreu\/wp-json\/wp\/v2\/posts\/3156\/revisions"}],"predecessor-version":[{"id":3159,"href":"https:\/\/agora.xtec.cat\/ceip-agsantandreu\/wp-json\/wp\/v2\/posts\/3156\/revisions\/3159"}],"wp:featuredmedia":[{"embeddable":true,"href":"https:\/\/agora.xtec.cat\/ceip-agsantandreu\/wp-json\/wp\/v2\/media\/3157"}],"wp:attachment":[{"href":"https:\/\/agora.xtec.cat\/ceip-agsantandreu\/wp-json\/wp\/v2\/media?parent=3156"}],"wp:term":[{"taxonomy":"category","embeddable":true,"href":"https:\/\/agora.xtec.cat\/ceip-agsantandreu\/wp-json\/wp\/v2\/categories?post=3156"},{"taxonomy":"post_tag","embeddable":true,"href":"https:\/\/agora.xtec.cat\/ceip-agsantandreu\/wp-json\/wp\/v2\/tags?post=3156"}],"curies":[{"name":"wp","href":"https:\/\/api.w.org\/{rel}","templated":true}]}}