{"id":3148,"date":"2020-02-21T15:54:30","date_gmt":"2020-02-21T14:54:30","guid":{"rendered":"https:\/\/agora.xtec.cat\/ceip-agsantandreu\/?p=3148"},"modified":"2020-02-21T16:22:41","modified_gmt":"2020-02-21T15:22:41","slug":"carnestoltes-2010","status":"publish","type":"post","link":"https:\/\/agora.xtec.cat\/ceip-agsantandreu\/portada\/carnestoltes-2010\/","title":{"rendered":"Carnestoltes 2020"},"content":{"rendered":"<h6>Un any m\u00e9s, els alumnes del nostre Col\u00b7legi, ens han sorpr\u00e8s amb una explosi\u00f3 de llum i color reflectida per les impressionants disfresses amb qu\u00e8 ens han sorpr\u00e8s.<\/h6>\n<p><a href=\"https:\/\/agora.xtec.cat\/ceip-agsantandreu\/portada\/carnestoltes-2010\/attachment\/img_4674-copiar\/\" rel=\"attachment wp-att-3149\"><img loading=\"lazy\" decoding=\"async\" class=\"aligncenter size-medium wp-image-3149\" src=\"https:\/\/agora.xtec.cat\/ceip-agsantandreu\/wp-content\/uploads\/usu37\/2020\/02\/IMG_4674-Copiar-200x300.jpg\" alt=\"\" width=\"200\" height=\"300\" srcset=\"https:\/\/agora.xtec.cat\/ceip-agsantandreu\/wp-content\/uploads\/usu37\/2020\/02\/IMG_4674-Copiar-200x300.jpg 200w, https:\/\/agora.xtec.cat\/ceip-agsantandreu\/wp-content\/uploads\/usu37\/2020\/02\/IMG_4674-Copiar.jpg 513w\" sizes=\"auto, (max-width: 200px) 100vw, 200px\" \/><\/a><\/p>\n<p><a href=\"https:\/\/photos.app.goo.gl\/1MGpGi4uMHi3Y11Q8\">Carnestoltes 2020<\/a><\/p>\n","protected":false},"excerpt":{"rendered":"<p>Un any m\u00e9s, els alumnes del nostre Col\u00b7legi, ens han sorpr\u00e8s amb una explosi\u00f3 de llum i color reflectida per les impressionants disfresses amb qu\u00e8 ens han sorpr\u00e8s.<br \/>\n<a href=\"https:\/\/agora.xtec.cat\/ceip-agsantandreu\/portada\/carnestoltes-2010\/attachment\/img_4674-copiar\/\" rel=\"attachment wp-att-3149\"><\/a><br \/>\n<a href=\"https:\/\/photos.app.goo.gl\/1MGpGi4uMHi3Y11Q8\">Carnestoltes 2020<\/a><\/p>\n","protected":false},"author":3,"featured_media":0,"comment_status":"closed","ping_status":"closed","sticky":false,"template":"","format":"standard","meta":{"_bbp_topic_count":0,"_bbp_reply_count":0,"_bbp_total_topic_count":0,"_bbp_total_reply_count":0,"_bbp_voice_count":0,"_bbp_anonymous_reply_count":0,"_bbp_topic_count_hidden":0,"_bbp_reply_count_hidden":0,"_bbp_forum_subforum_count":0,"footnotes":""},"categories":[4],"tags":[],"class_list":["post-3148","post","type-post","status-publish","format-standard","hentry","category-portada"],"post_mailing_queue_ids":[],"_links":{"self":[{"href":"https:\/\/agora.xtec.cat\/ceip-agsantandreu\/wp-json\/wp\/v2\/posts\/3148","targetHints":{"allow":["GET"]}}],"collection":[{"href":"https:\/\/agora.xtec.cat\/ceip-agsantandreu\/wp-json\/wp\/v2\/posts"}],"about":[{"href":"https:\/\/agora.xtec.cat\/ceip-agsantandreu\/wp-json\/wp\/v2\/types\/post"}],"author":[{"embeddable":true,"href":"https:\/\/agora.xtec.cat\/ceip-agsantandreu\/wp-json\/wp\/v2\/users\/3"}],"replies":[{"embeddable":true,"href":"https:\/\/agora.xtec.cat\/ceip-agsantandreu\/wp-json\/wp\/v2\/comments?post=3148"}],"version-history":[{"count":3,"href":"https:\/\/agora.xtec.cat\/ceip-agsantandreu\/wp-json\/wp\/v2\/posts\/3148\/revisions"}],"predecessor-version":[{"id":3161,"href":"https:\/\/agora.xtec.cat\/ceip-agsantandreu\/wp-json\/wp\/v2\/posts\/3148\/revisions\/3161"}],"wp:attachment":[{"href":"https:\/\/agora.xtec.cat\/ceip-agsantandreu\/wp-json\/wp\/v2\/media?parent=3148"}],"wp:term":[{"taxonomy":"category","embeddable":true,"href":"https:\/\/agora.xtec.cat\/ceip-agsantandreu\/wp-json\/wp\/v2\/categories?post=3148"},{"taxonomy":"post_tag","embeddable":true,"href":"https:\/\/agora.xtec.cat\/ceip-agsantandreu\/wp-json\/wp\/v2\/tags?post=3148"}],"curies":[{"name":"wp","href":"https:\/\/api.w.org\/{rel}","templated":true}]}}