{"id":2969,"date":"2019-12-12T13:46:58","date_gmt":"2019-12-12T12:46:58","guid":{"rendered":"https:\/\/agora.xtec.cat\/ceip-agsantandreu\/?p=2969"},"modified":"2019-12-18T22:14:01","modified_gmt":"2019-12-18T21:14:01","slug":"ha-arribat-el-tio-2","status":"publish","type":"post","link":"https:\/\/agora.xtec.cat\/ceip-agsantandreu\/comunitats\/petits\/ha-arribat-el-tio-2\/","title":{"rendered":"Ha arribat el ti\u00f3"},"content":{"rendered":"<p>A Infantil estem molt emocionats!!&#8230;Hem anat a buscar el ti\u00f3 i ja el tenim a les portes de les classes.Ara nom\u00e9s falta que mengi molt perqu\u00e8 la setmana que ve ens cagui molts regals!!.<\/p>\n<p>&nbsp;<\/p>\n<p><a href=\"https:\/\/agora.xtec.cat\/ceip-agsantandreu\/general\/ha-arribat-el-tio-2\/attachment\/img-20191211-wa0003-copiar\/\" rel=\"attachment wp-att-2970\"><img loading=\"lazy\" decoding=\"async\" class=\"aligncenter size-medium wp-image-2970\" src=\"https:\/\/agora.xtec.cat\/ceip-agsantandreu\/wp-content\/uploads\/usu37\/2019\/12\/IMG-20191211-WA0003-Copiar-225x300.jpg\" alt=\"\" width=\"225\" height=\"300\" srcset=\"https:\/\/agora.xtec.cat\/ceip-agsantandreu\/wp-content\/uploads\/usu37\/2019\/12\/IMG-20191211-WA0003-Copiar-225x300.jpg 225w, https:\/\/agora.xtec.cat\/ceip-agsantandreu\/wp-content\/uploads\/usu37\/2019\/12\/IMG-20191211-WA0003-Copiar.jpg 576w\" sizes=\"auto, (max-width: 225px) 100vw, 225px\" \/><\/a><\/p>\n<p><a href=\"https:\/\/photos.app.goo.gl\/6to5dLKLmRaWSyyv8\">clica aqui per veure m\u00e9s fotograf\u00edes<\/a><\/p>\n","protected":false},"excerpt":{"rendered":"<p>A Infantil estem molt emocionats!!&#8230;Hem anat a buscar el ti\u00f3 i ja el tenim a les portes de les classes.Ara nom\u00e9s falta que mengi molt perqu\u00e8 la setmana que ve ens cagui molts regals!!.<br \/>\n&nbsp;<br \/>\n<a href=\"https:\/\/agora.xtec.cat\/ceip-agsantandreu\/general\/ha-arribat-el-tio-2\/attachment\/img-20191211-wa0003-copiar\/\" rel=\"attachment wp-att-2970\"><\/a><br \/>\n<a href=\"https:\/\/photos.app.goo.gl\/6to5dLKLmRaWSyyv8\">clica aqui per veure m\u00e9s fotograf\u00edes<\/a><\/p>\n","protected":false},"author":3,"featured_media":2970,"comment_status":"closed","ping_status":"closed","sticky":false,"template":"","format":"standard","meta":{"_bbp_topic_count":0,"_bbp_reply_count":0,"_bbp_total_topic_count":0,"_bbp_total_reply_count":0,"_bbp_voice_count":0,"_bbp_anonymous_reply_count":0,"_bbp_topic_count_hidden":0,"_bbp_reply_count_hidden":0,"_bbp_forum_subforum_count":0,"footnotes":""},"categories":[2,4],"tags":[],"class_list":["post-2969","post","type-post","status-publish","format-standard","has-post-thumbnail","hentry","category-petits","category-portada"],"post_mailing_queue_ids":[],"_links":{"self":[{"href":"https:\/\/agora.xtec.cat\/ceip-agsantandreu\/wp-json\/wp\/v2\/posts\/2969","targetHints":{"allow":["GET"]}}],"collection":[{"href":"https:\/\/agora.xtec.cat\/ceip-agsantandreu\/wp-json\/wp\/v2\/posts"}],"about":[{"href":"https:\/\/agora.xtec.cat\/ceip-agsantandreu\/wp-json\/wp\/v2\/types\/post"}],"author":[{"embeddable":true,"href":"https:\/\/agora.xtec.cat\/ceip-agsantandreu\/wp-json\/wp\/v2\/users\/3"}],"replies":[{"embeddable":true,"href":"https:\/\/agora.xtec.cat\/ceip-agsantandreu\/wp-json\/wp\/v2\/comments?post=2969"}],"version-history":[{"count":2,"href":"https:\/\/agora.xtec.cat\/ceip-agsantandreu\/wp-json\/wp\/v2\/posts\/2969\/revisions"}],"predecessor-version":[{"id":2972,"href":"https:\/\/agora.xtec.cat\/ceip-agsantandreu\/wp-json\/wp\/v2\/posts\/2969\/revisions\/2972"}],"wp:featuredmedia":[{"embeddable":true,"href":"https:\/\/agora.xtec.cat\/ceip-agsantandreu\/wp-json\/wp\/v2\/media\/2970"}],"wp:attachment":[{"href":"https:\/\/agora.xtec.cat\/ceip-agsantandreu\/wp-json\/wp\/v2\/media?parent=2969"}],"wp:term":[{"taxonomy":"category","embeddable":true,"href":"https:\/\/agora.xtec.cat\/ceip-agsantandreu\/wp-json\/wp\/v2\/categories?post=2969"},{"taxonomy":"post_tag","embeddable":true,"href":"https:\/\/agora.xtec.cat\/ceip-agsantandreu\/wp-json\/wp\/v2\/tags?post=2969"}],"curies":[{"name":"wp","href":"https:\/\/api.w.org\/{rel}","templated":true}]}}