{"id":2964,"date":"2019-11-26T16:06:35","date_gmt":"2019-11-26T15:06:35","guid":{"rendered":"https:\/\/agora.xtec.cat\/ceip-agsantandreu\/?p=2964"},"modified":"2020-01-09T13:23:09","modified_gmt":"2020-01-09T12:23:09","slug":"santa-cecilia","status":"publish","type":"post","link":"https:\/\/agora.xtec.cat\/ceip-agsantandreu\/portada\/santa-cecilia\/","title":{"rendered":"Santa Cec\u00edlia"},"content":{"rendered":"<p>El passat divendres vam celebrar Santa Cec\u00edlia, el dia de la m\u00fasica. Alguns companys de l\u2019escola van fer un petit concert per tots nosaltres. Va ser fant\u00e0stic! Moltes gr\u00e0cies a tots els participants.<\/p>\n<p><a href=\"https:\/\/agora.xtec.cat\/ceip-agsantandreu\/portada\/santa-cecilia\/attachment\/santa-cecilia-22-1024x768\/\" rel=\"attachment wp-att-2965\"><img loading=\"lazy\" decoding=\"async\" class=\"aligncenter size-medium wp-image-2965\" src=\"https:\/\/agora.xtec.cat\/ceip-agsantandreu\/wp-content\/uploads\/usu37\/2019\/11\/Santa-Cec\u00edlia-22-1024x768-300x225.jpg\" alt=\"\" width=\"300\" height=\"225\" srcset=\"https:\/\/agora.xtec.cat\/ceip-agsantandreu\/wp-content\/uploads\/usu37\/2019\/11\/Santa-Cec\u00edlia-22-1024x768-300x225.jpg 300w, https:\/\/agora.xtec.cat\/ceip-agsantandreu\/wp-content\/uploads\/usu37\/2019\/11\/Santa-Cec\u00edlia-22-1024x768-768x576.jpg 768w, https:\/\/agora.xtec.cat\/ceip-agsantandreu\/wp-content\/uploads\/usu37\/2019\/11\/Santa-Cec\u00edlia-22-1024x768.jpg 1024w, https:\/\/agora.xtec.cat\/ceip-agsantandreu\/wp-content\/uploads\/usu37\/2019\/11\/Santa-Cec\u00edlia-22-1024x768-200x150.jpg 200w\" sizes=\"auto, (max-width: 300px) 100vw, 300px\" \/><\/a><\/p>\n<p><a href=\"https:\/\/photos.app.goo.gl\/7RDLPSyLvmtv13z46\">Fotos<\/a><\/p>\n","protected":false},"excerpt":{"rendered":"<p>El passat divendres vam celebrar Santa Cec\u00edlia, el dia de la m\u00fasica. Alguns companys de l\u2019escola van fer un petit concert per tots nosaltres. Va ser fant\u00e0stic! Moltes gr\u00e0cies a tots els participants.<br \/>\n<a href=\"https:\/\/agora.xtec.cat\/ceip-agsantandreu\/portada\/santa-cecilia\/attachment\/santa-cecilia-22-1024x768\/\" rel=\"attachment wp-att-2965\"><\/a><br \/>\n<a href=\"https:\/\/photos.app.goo.gl\/7RDLPSyLvmtv13z46\">Fotos<\/a><\/p>\n","protected":false},"author":3,"featured_media":2965,"comment_status":"closed","ping_status":"closed","sticky":false,"template":"","format":"standard","meta":{"_bbp_topic_count":0,"_bbp_reply_count":0,"_bbp_total_topic_count":0,"_bbp_total_reply_count":0,"_bbp_voice_count":0,"_bbp_anonymous_reply_count":0,"_bbp_topic_count_hidden":0,"_bbp_reply_count_hidden":0,"_bbp_forum_subforum_count":0,"footnotes":""},"categories":[57,4],"tags":[],"class_list":["post-2964","post","type-post","status-publish","format-standard","has-post-thumbnail","hentry","category-comunitats","category-portada"],"post_mailing_queue_ids":[],"_links":{"self":[{"href":"https:\/\/agora.xtec.cat\/ceip-agsantandreu\/wp-json\/wp\/v2\/posts\/2964","targetHints":{"allow":["GET"]}}],"collection":[{"href":"https:\/\/agora.xtec.cat\/ceip-agsantandreu\/wp-json\/wp\/v2\/posts"}],"about":[{"href":"https:\/\/agora.xtec.cat\/ceip-agsantandreu\/wp-json\/wp\/v2\/types\/post"}],"author":[{"embeddable":true,"href":"https:\/\/agora.xtec.cat\/ceip-agsantandreu\/wp-json\/wp\/v2\/users\/3"}],"replies":[{"embeddable":true,"href":"https:\/\/agora.xtec.cat\/ceip-agsantandreu\/wp-json\/wp\/v2\/comments?post=2964"}],"version-history":[{"count":3,"href":"https:\/\/agora.xtec.cat\/ceip-agsantandreu\/wp-json\/wp\/v2\/posts\/2964\/revisions"}],"predecessor-version":[{"id":3018,"href":"https:\/\/agora.xtec.cat\/ceip-agsantandreu\/wp-json\/wp\/v2\/posts\/2964\/revisions\/3018"}],"wp:featuredmedia":[{"embeddable":true,"href":"https:\/\/agora.xtec.cat\/ceip-agsantandreu\/wp-json\/wp\/v2\/media\/2965"}],"wp:attachment":[{"href":"https:\/\/agora.xtec.cat\/ceip-agsantandreu\/wp-json\/wp\/v2\/media?parent=2964"}],"wp:term":[{"taxonomy":"category","embeddable":true,"href":"https:\/\/agora.xtec.cat\/ceip-agsantandreu\/wp-json\/wp\/v2\/categories?post=2964"},{"taxonomy":"post_tag","embeddable":true,"href":"https:\/\/agora.xtec.cat\/ceip-agsantandreu\/wp-json\/wp\/v2\/tags?post=2964"}],"curies":[{"name":"wp","href":"https:\/\/api.w.org\/{rel}","templated":true}]}}